{"id":27537,"date":"2015-10-08T04:15:33","date_gmt":"2015-10-08T03:15:33","guid":{"rendered":"http:\/\/2horizontes.com\/?p=27537"},"modified":"2015-10-08T04:15:33","modified_gmt":"2015-10-08T03:15:33","slug":"abogados-regidor-de-pedro-brand-piden-al-presidente-medina-interceda-en-el-caso","status":"publish","type":"post","link":"https:\/\/2horizontes.com\/?p=27537","title":{"rendered":"Abogados regidor de Pedro Brand piden al presidente Medina interceda en el caso"},"content":{"rendered":"<p>RD- SANTO DOMINGO-El regidor de Pedro Brand, Erison de los Santos Sol\u00eds, acusado de la muerte de un hombre en el a\u00f1o 2006\u00a0y a quien el Tribunal de Atenci\u00f3n Permanente de la provincia Santo Domingo impuso tres meses de prisi\u00f3n preventiva, pide al presidente de la Rep\u00fablica Danilo Medina que\u00a0tome carta en el caso.<\/p>\n<p>Seg\u00fan el comit\u00e9 de defensa del regidor, el Ministerio P\u00fablico debe de ser el garante de que los procesos judiciales cumplan con el C\u00f3digo Procesal Penal, la Constituci\u00f3n de la Rep\u00fablica y la declaraci\u00f3n universal de los derechos humanos.<\/p>\n<p>En tal sentido, apelan \u201cal buen juicio de tan importante estamento del Estado dominicano para que en el proceso que se le sigue al ciudadano Erison de los Santos Sol\u00eds prime el cumplimento a la ley\u201d.<\/p>\n<p>\u201cHacemos un llamado al presidente de la Rep\u00fablica para que tome carta en el caso del regidor de Pedro Brand, Erison de los santos Sol\u00eds (NEY), pues \u00a0tenemos informaci\u00f3n que supuestamente Juan Hubieres planean fabricar dos nuevos expedientes\u201d, cit\u00f3 textualmente en un comunicado dado a conocer por el abogado Jos\u00e9 Mej\u00eda.<\/p>\n<p>Dijo adem\u00e1s que: \u201cIncluso esto fue afirmado por uno de los abogados de Juan Hubieres que act\u00faan como si son parte de la Fiscal\u00eda, y dijo que en los pr\u00f3ximos d\u00edas sacar\u00edan dos expedientes nuevos como si ellos son investigadores\u201d dijo<\/p>\n<p>El comit\u00e9 de defensa de De los Santos Sol\u00eds, conformado por Jos\u00e9 Mej\u00eda, Hilario Cabrera y Juan Antonio Soto, expresaron en el comunicado lo siguiente:<\/p>\n<p>\u201cSe\u00f1or presidente Danilo Medina apelamos a su honestidad para que se detenga la persecuci\u00f3n en contra del regidor, es un ciudadano respetable y no merece que se inventen expedientes en contra de \u00e9l y adem\u00e1s de violarle todos sus derechos, se\u00f1or Presidente verifique lo que hace uno de sus funcionarios que quiere desprestigiar tan hermosa gesti\u00f3n que ha tenido su gobierno, con un representante de la sociedad como es la fiscal del Distrito que se al\u00eda con personas para fabricar expediente en contra de un ciudadano, si cometi\u00f3 un hecho y est\u00e1n las pruebas que se le haga un proceso justo, no inventando como nos informaron que ellos dos se reunieron para planear algo de c\u00f3mo hacerle un nuevo expediente\u201d.<\/p>\n<p>&nbsp;<\/p>\n","protected":false},"excerpt":{"rendered":"<p>RD- SANTO DOMINGO-El regidor de Pedro Brand, Erison de los Santos Sol\u00eds, acusado de la muerte de un hombre en el a\u00f1o 2006\u00a0y a quien el Tribunal de Atenci\u00f3n Permanente de la provincia Santo Domingo impuso tres meses de prisi\u00f3n preventiva, pide al presidente de la Rep\u00fablica Danilo Medina que\u00a0tome carta en el caso. Seg\u00fan [&hellip;]<\/p>\n","protected":false},"author":8,"featured_media":27538,"comment_status":"open","ping_status":"open","sticky":false,"template":"","format":"standard","meta":{"footnotes":""},"categories":[43,53,44],"tags":[],"class_list":["post-27537","post","type-post","status-publish","format-standard","has-post-thumbnail","hentry","category-politica","category-provincias","category-republica-dominicana"],"_links":{"self":[{"href":"https:\/\/2horizontes.com\/index.php?rest_route=\/wp\/v2\/posts\/27537","targetHints":{"allow":["GET"]}}],"collection":[{"href":"https:\/\/2horizontes.com\/index.php?rest_route=\/wp\/v2\/posts"}],"about":[{"href":"https:\/\/2horizontes.com\/index.php?rest_route=\/wp\/v2\/types\/post"}],"author":[{"embeddable":true,"href":"https:\/\/2horizontes.com\/index.php?rest_route=\/wp\/v2\/users\/8"}],"replies":[{"embeddable":true,"href":"https:\/\/2horizontes.com\/index.php?rest_route=%2Fwp%2Fv2%2Fcomments&post=27537"}],"version-history":[{"count":1,"href":"https:\/\/2horizontes.com\/index.php?rest_route=\/wp\/v2\/posts\/27537\/revisions"}],"predecessor-version":[{"id":27539,"href":"https:\/\/2horizontes.com\/index.php?rest_route=\/wp\/v2\/posts\/27537\/revisions\/27539"}],"wp:featuredmedia":[{"embeddable":true,"href":"https:\/\/2horizontes.com\/index.php?rest_route=\/wp\/v2\/media\/27538"}],"wp:attachment":[{"href":"https:\/\/2horizontes.com\/index.php?rest_route=%2Fwp%2Fv2%2Fmedia&parent=27537"}],"wp:term":[{"taxonomy":"category","embeddable":true,"href":"https:\/\/2horizontes.com\/index.php?rest_route=%2Fwp%2Fv2%2Fcategories&post=27537"},{"taxonomy":"post_tag","embeddable":true,"href":"https:\/\/2horizontes.com\/index.php?rest_route=%2Fwp%2Fv2%2Ftags&post=27537"}],"curies":[{"name":"wp","href":"https:\/\/api.w.org\/{rel}","templated":true}]}}