{"id":27534,"date":"2015-10-08T04:08:14","date_gmt":"2015-10-08T03:08:14","guid":{"rendered":"http:\/\/2horizontes.com\/?p=27534"},"modified":"2015-10-08T04:08:14","modified_gmt":"2015-10-08T03:08:14","slug":"empleado-de-industria-y-comercio-se-lanza-desde-el-ultimo-piso-del-huacal-rd","status":"publish","type":"post","link":"https:\/\/2horizontes.com\/?p=27534","title":{"rendered":"Empleado de Industria y Comercio se lanza desde el \u00faltimo piso del \u201cHuacal\u201d RD"},"content":{"rendered":"<p class=\"not-pspace\">RD-SANTO DOMINGO.- Un hombre se tiro \u00a0en la noche de este mi\u00e9rcoles con fines suicidas desde el piso 14 del Edificio de Oficinas Gubernamentales Juan Pablo Duarte (Huacal).<\/p>\n<p class=\"not-pspace\">Se trata de Argelio Ram\u00edrez, de 43 a\u00f1os, oriundo de Tamayo, seg\u00fan sus documentos de identidad. Inmediatamente ocurri\u00f3 el hecho, al\u00a0lugar se presentaron unidades del sistema de atenci\u00f3n de emergencias 911, as\u00ed como de la Polic\u00eda y el Instituto Nacional de Ciencias Forenses (Inacif), que se encarga de levantar el cuerpo.<\/p>\n<p class=\"not-pspace\">Se pudo confirmar\u00a0que era\u00a0empleado del Ministerio de Industria y Comercio. \u00a0Su cad\u00e1ver fue llevado al Instituto de Patolog\u00eda Forense.<\/p>\n<p class=\"not-pspace\">Mas adelante, este medio ofrecera mas detalles del hecho.<\/p>\n","protected":false},"excerpt":{"rendered":"<p>RD-SANTO DOMINGO.- Un hombre se tiro \u00a0en la noche de este mi\u00e9rcoles con fines suicidas desde el piso 14 del Edificio de Oficinas Gubernamentales Juan Pablo Duarte (Huacal). Se trata de Argelio Ram\u00edrez, de 43 a\u00f1os, oriundo de Tamayo, seg\u00fan sus documentos de identidad. Inmediatamente ocurri\u00f3 el hecho, al\u00a0lugar se presentaron unidades del sistema de [&hellip;]<\/p>\n","protected":false},"author":8,"featured_media":27535,"comment_status":"open","ping_status":"open","sticky":false,"template":"","format":"standard","meta":{"footnotes":""},"categories":[44],"tags":[],"class_list":["post-27534","post","type-post","status-publish","format-standard","has-post-thumbnail","hentry","category-republica-dominicana"],"_links":{"self":[{"href":"https:\/\/2horizontes.com\/index.php?rest_route=\/wp\/v2\/posts\/27534","targetHints":{"allow":["GET"]}}],"collection":[{"href":"https:\/\/2horizontes.com\/index.php?rest_route=\/wp\/v2\/posts"}],"about":[{"href":"https:\/\/2horizontes.com\/index.php?rest_route=\/wp\/v2\/types\/post"}],"author":[{"embeddable":true,"href":"https:\/\/2horizontes.com\/index.php?rest_route=\/wp\/v2\/users\/8"}],"replies":[{"embeddable":true,"href":"https:\/\/2horizontes.com\/index.php?rest_route=%2Fwp%2Fv2%2Fcomments&post=27534"}],"version-history":[{"count":1,"href":"https:\/\/2horizontes.com\/index.php?rest_route=\/wp\/v2\/posts\/27534\/revisions"}],"predecessor-version":[{"id":27536,"href":"https:\/\/2horizontes.com\/index.php?rest_route=\/wp\/v2\/posts\/27534\/revisions\/27536"}],"wp:featuredmedia":[{"embeddable":true,"href":"https:\/\/2horizontes.com\/index.php?rest_route=\/wp\/v2\/media\/27535"}],"wp:attachment":[{"href":"https:\/\/2horizontes.com\/index.php?rest_route=%2Fwp%2Fv2%2Fmedia&parent=27534"}],"wp:term":[{"taxonomy":"category","embeddable":true,"href":"https:\/\/2horizontes.com\/index.php?rest_route=%2Fwp%2Fv2%2Fcategories&post=27534"},{"taxonomy":"post_tag","embeddable":true,"href":"https:\/\/2horizontes.com\/index.php?rest_route=%2Fwp%2Fv2%2Ftags&post=27534"}],"curies":[{"name":"wp","href":"https:\/\/api.w.org\/{rel}","templated":true}]}}