{"id":27519,"date":"2015-10-07T19:58:31","date_gmt":"2015-10-07T18:58:31","guid":{"rendered":"http:\/\/2horizontes.com\/?p=27519"},"modified":"2015-10-07T19:58:31","modified_gmt":"2015-10-07T18:58:31","slug":"juan-matano-me-gusta-nada-el-futbol-actual","status":"publish","type":"post","link":"https:\/\/2horizontes.com\/?p=27519","title":{"rendered":"Juan Mata,No me gusta nada el f\u00fatbol actual"},"content":{"rendered":"<p>Antes de sentarse para charlar con ABC, Juan Mata se parte de risa con unos ni\u00f1os discapacitados f\u00edsicos e intelectuales que lloran de nervios al verle.<\/p>\n<p>Admite que es ni\u00f1ero y dice que le encanta, de coraz\u00f3n,participar en actos como este de la Fundaci\u00f3n Laureus e IWC en el colegio de educaci\u00f3n especial Princesa Sof\u00eda.<\/p>\n<p>Regala fotos, firma tantos aut\u00f3grafos como peticiones tiene y se pone en pie para saludar. En la despedida, da incluso las gracias por la asistencia y solo las exigencias de la agenda le frenan en su discurso, reposado y fuera de lo com\u00fan en el t\u00f3pico mundo del f\u00fatbol.<\/p>\n<p>Est\u00e1 a punto de terminar dos carreras (Marketing e INEF), lee y celebra su regreso a la selecci\u00f3n espa\u00f1ola despu\u00e9s de un tiempo ausente. Sus geniales actuaciones con el Manchester United, con jugadas soberbias como la de la asistencia de espuela que dio en la Champions hace una de semana, justifican la llamada de Del Bosque.<\/p>\n<p>\u2013En serio. \u00bfEse taconazo contra el Wolfsburgo, lo hace adrede?<\/p>\n<p>\u2013No vi que estaba ah\u00ed mi compa\u00f1ero, pero conforme se estaba desarrollando la jugada, y seg\u00fan me ven\u00eda el bal\u00f3n, me sali\u00f3 as\u00ed porque el bal\u00f3n de Schweinsteiger ten\u00eda que ir ah\u00ed. Intu\u00ed que alguien estar\u00eda por la zona. Pero ese pase solo es bueno si alguien lo mete.<\/p>\n","protected":false},"excerpt":{"rendered":"<p>Antes de sentarse para charlar con ABC, Juan Mata se parte de risa con unos ni\u00f1os discapacitados f\u00edsicos e intelectuales que lloran de nervios al verle. Admite que es ni\u00f1ero y dice que le encanta, de coraz\u00f3n,participar en actos como este de la Fundaci\u00f3n Laureus e IWC en el colegio de educaci\u00f3n especial Princesa Sof\u00eda. [&hellip;]<\/p>\n","protected":false},"author":3,"featured_media":27520,"comment_status":"open","ping_status":"open","sticky":false,"template":"","format":"standard","meta":{"footnotes":""},"categories":[42],"tags":[],"class_list":["post-27519","post","type-post","status-publish","format-standard","has-post-thumbnail","hentry","category-deportes"],"_links":{"self":[{"href":"https:\/\/2horizontes.com\/index.php?rest_route=\/wp\/v2\/posts\/27519","targetHints":{"allow":["GET"]}}],"collection":[{"href":"https:\/\/2horizontes.com\/index.php?rest_route=\/wp\/v2\/posts"}],"about":[{"href":"https:\/\/2horizontes.com\/index.php?rest_route=\/wp\/v2\/types\/post"}],"author":[{"embeddable":true,"href":"https:\/\/2horizontes.com\/index.php?rest_route=\/wp\/v2\/users\/3"}],"replies":[{"embeddable":true,"href":"https:\/\/2horizontes.com\/index.php?rest_route=%2Fwp%2Fv2%2Fcomments&post=27519"}],"version-history":[{"count":1,"href":"https:\/\/2horizontes.com\/index.php?rest_route=\/wp\/v2\/posts\/27519\/revisions"}],"predecessor-version":[{"id":27521,"href":"https:\/\/2horizontes.com\/index.php?rest_route=\/wp\/v2\/posts\/27519\/revisions\/27521"}],"wp:featuredmedia":[{"embeddable":true,"href":"https:\/\/2horizontes.com\/index.php?rest_route=\/wp\/v2\/media\/27520"}],"wp:attachment":[{"href":"https:\/\/2horizontes.com\/index.php?rest_route=%2Fwp%2Fv2%2Fmedia&parent=27519"}],"wp:term":[{"taxonomy":"category","embeddable":true,"href":"https:\/\/2horizontes.com\/index.php?rest_route=%2Fwp%2Fv2%2Fcategories&post=27519"},{"taxonomy":"post_tag","embeddable":true,"href":"https:\/\/2horizontes.com\/index.php?rest_route=%2Fwp%2Fv2%2Ftags&post=27519"}],"curies":[{"name":"wp","href":"https:\/\/api.w.org\/{rel}","templated":true}]}}