{"id":27516,"date":"2015-10-07T19:51:25","date_gmt":"2015-10-07T18:51:25","guid":{"rendered":"http:\/\/2horizontes.com\/?p=27516"},"modified":"2015-10-07T19:51:25","modified_gmt":"2015-10-07T18:51:25","slug":"el-psoe-se-lia-con-el-cupo-vasco-y-navarro","status":"publish","type":"post","link":"https:\/\/2horizontes.com\/?p=27516","title":{"rendered":"El PSOE se l\u00eda con el cupo vasco y navarro"},"content":{"rendered":"<p>Las aguas del debate territorial bajan revueltas en el PSOE. Por si no tuviera bastante Pedro S\u00e1nchez con la reapertura de la pol\u00e9mica sobre si Catalu\u00f1a es una naci\u00f3n o no, a cargo del presidente de la Comunidad Valenciana, Ximo Puig, ahora el debate se traslada a lo que pagan vascos y navarros al Estado.<\/p>\n<p>Desde siempre, este asunto ha sido tab\u00fa -de hecho, todos los partidos vascos han salido a defenderlo hist\u00f3ricamente siempre que ha sido cuestionado-, pero el conflicto catal\u00e1n y la eventualidad de que se resuelva mediante un pacto fiscal similar al que recoge la Constituci\u00f3n para los dos territorios forales, ha sacado a la luz el malestar larvado que hay en el PSOE.<\/p>\n<p>La presidenta andaluza, Susana D\u00edaz, abri\u00f3 fuego hace d\u00edas, en declaraciones a Onda Cero, al asegurar que hay que modular el cupo anual, para que vascos y navarros paguen m\u00e1s y contribuyan igual que el resto de espa\u00f1oles.<\/p>\n<p>D\u00edaz fue respaldada por Ximo Puig, pero inmediatamente fue reconvenida por la secretaria general del PSE, Idoia Mend\u00eda, quien dijo que es normal que en Andaluc\u00eda y la Comunidad Valenciana no sepan de que va el concierto, un sistema t\u00e9cnicamente complejo.<\/p>\n<p>Hoy, antes de presentar al alcalde de Sevilla, Juan Espadas, en un desayuno en Madrid, Susana D\u00edaz ha vuelto a la carga para insistir en modular el Cupo anual, lo cual no significa cuestionar el Concierto Vasco y el Amejoramiento del Fuero Navarro, recogidos en la Carta Magna de 1978.<\/p>\n<p>D\u00edaz quiere solidaridad e igualdad entre todos los territorios y no el actual desequilibrio, y ha dicho que en el PSOE hay \u00abbastante acuerdo\u00bb con lo que dice.<\/p>\n<p>La presidenta andaluza ha dicho que defiende la igualdad de todos los ciudadanos en este pa\u00eds, y eso significa tener la misma sanidad, la misma educaci\u00f3n y los mismos servicios p\u00fablicos independientemente de d\u00f3nde vivan, porque es una realidad que no todas las comunidades est\u00e1n financiadas bien.<\/p>\n","protected":false},"excerpt":{"rendered":"<p>Las aguas del debate territorial bajan revueltas en el PSOE. Por si no tuviera bastante Pedro S\u00e1nchez con la reapertura de la pol\u00e9mica sobre si Catalu\u00f1a es una naci\u00f3n o no, a cargo del presidente de la Comunidad Valenciana, Ximo Puig, ahora el debate se traslada a lo que pagan vascos y navarros al Estado. [&hellip;]<\/p>\n","protected":false},"author":3,"featured_media":27517,"comment_status":"open","ping_status":"open","sticky":false,"template":"","format":"standard","meta":{"footnotes":""},"categories":[85,43],"tags":[],"class_list":["post-27516","post","type-post","status-publish","format-standard","has-post-thumbnail","hentry","category-espana","category-politica"],"_links":{"self":[{"href":"https:\/\/2horizontes.com\/index.php?rest_route=\/wp\/v2\/posts\/27516","targetHints":{"allow":["GET"]}}],"collection":[{"href":"https:\/\/2horizontes.com\/index.php?rest_route=\/wp\/v2\/posts"}],"about":[{"href":"https:\/\/2horizontes.com\/index.php?rest_route=\/wp\/v2\/types\/post"}],"author":[{"embeddable":true,"href":"https:\/\/2horizontes.com\/index.php?rest_route=\/wp\/v2\/users\/3"}],"replies":[{"embeddable":true,"href":"https:\/\/2horizontes.com\/index.php?rest_route=%2Fwp%2Fv2%2Fcomments&post=27516"}],"version-history":[{"count":1,"href":"https:\/\/2horizontes.com\/index.php?rest_route=\/wp\/v2\/posts\/27516\/revisions"}],"predecessor-version":[{"id":27518,"href":"https:\/\/2horizontes.com\/index.php?rest_route=\/wp\/v2\/posts\/27516\/revisions\/27518"}],"wp:featuredmedia":[{"embeddable":true,"href":"https:\/\/2horizontes.com\/index.php?rest_route=\/wp\/v2\/media\/27517"}],"wp:attachment":[{"href":"https:\/\/2horizontes.com\/index.php?rest_route=%2Fwp%2Fv2%2Fmedia&parent=27516"}],"wp:term":[{"taxonomy":"category","embeddable":true,"href":"https:\/\/2horizontes.com\/index.php?rest_route=%2Fwp%2Fv2%2Fcategories&post=27516"},{"taxonomy":"post_tag","embeddable":true,"href":"https:\/\/2horizontes.com\/index.php?rest_route=%2Fwp%2Fv2%2Ftags&post=27516"}],"curies":[{"name":"wp","href":"https:\/\/api.w.org\/{rel}","templated":true}]}}