{"id":27511,"date":"2015-10-07T19:38:04","date_gmt":"2015-10-07T18:38:04","guid":{"rendered":"http:\/\/2horizontes.com\/?p=27511"},"modified":"2015-10-07T19:42:19","modified_gmt":"2015-10-07T18:42:19","slug":"las-victimas-del-accidente-de-angrois-recurriran-el-cierre-del-caso","status":"publish","type":"post","link":"https:\/\/2horizontes.com\/?p=27511","title":{"rendered":"Las v\u00edctimas del accidente del tren del \u00c1vila recurrir\u00e1n el cierre del caso"},"content":{"rendered":"<p>Las v\u00edctimas del accidente del tren Alvia ocurrido el 24 de julio de 2013 en Santiago recurrir\u00e1n el autopor el que el juez Andr\u00e9s Lago ha cerrado la instrucci\u00f3n, al alegar indefensi\u00f3n puesto que numerosas pruebas que pidieron a este magistrado, que hered\u00f3 la causa de Luis Al\u00e1ez, les fueron denegadas.<\/p>\n<p>Adem\u00e1s, la Plataforma V\u00edctimas Alvia 04155, la m\u00e1s activa y que aglutina a un mayor n\u00famero de afectados, ha convocado una concentraci\u00f3n de protesta para este viernes, 9 de octubre, a las 11.00 horas frente a los juzgados compostelanos, movilizaci\u00f3n que secunda la otra asociaci\u00f3n, Apafas.<\/p>\n<p>Algunos de los integrantes de estos colectivos ya han confirmado que se desplazar\u00e1n hasta el barrio de Fonti\u00f1as desde sus respectivos puntos de origen para mostrar su repulsa al cierre de la causa.<\/p>\n<p>En declaraciones a Europa Press, los dos portavoces de la plataforma y de Apafas, Jes\u00fas Dom\u00ednguez y Crist\u00f3bal Gonz\u00e1lez, respectivamente, han rechazado que el caso se cierre dejando flecos y con el maquinista, una v\u00edctima m\u00e1s pese a ser la principal parte causante del siniestro, como \u00fanico imputado.<\/p>\n<p>Dom\u00ednguez ha denunciado la indefensi\u00f3n que el instructor les genera a las partes al no admitir diligencias como la declaraci\u00f3n de expertos y responsables de garantizar la seguridad en las v\u00edas.<\/p>\n<p>Llantos al recibir la noticia<\/p>\n<p>Adem\u00e1s, ha lamentado lo \u00abmal\u00bb que ha sentado entre las v\u00edctimas esta noticia del cierre, con personas que se han puesto a llorar cuando se lo ha comunicado.<\/p>\n<p>El maquinista es responsable por responder una llamada en el tel\u00e9fono corporativo pero los que cambiaron el proyecto para inaugurar antes la l\u00ednea y disminuyeron la seguridad, no. No tiene ning\u00fan sentido\u00bb, ha censurado.<\/p>\n<p>As\u00ed, este perjudicado por el descarrilamiento en la curva de A Grandeira ha lamentado que el juez ve lo que quiere ver.<\/p>\n<p>Por su parte, Gonz\u00e1lez ha subrayado la decepci\u00f3n, frustraci\u00f3n e irritaci\u00f3n con que les ha llegado este nuevo paso, que sit\u00faa m\u00e1s cerca la fijaci\u00f3n de una fecha para el juicio oral.<\/p>\n<p>Va a quedar en nada, con el maquinista como una v\u00edctima m\u00e1s que ser\u00e1 el que pague ha reprobado.<\/p>\n<p>As\u00ed, ha aseverado que si en la curva de A Grandeira estuviera lo que ten\u00eda que estar el descarrilamiento se podr\u00eda haber evitado.<\/p>\n<p>Su objetivo con el recurso, aunque tiene poca confianza de que prospere, es que el siniestro no quede impune.<\/p>\n<p>Ha dicho que le encantar\u00eda estar presente en la concentraci\u00f3n prevista para este viernes, puesto que siempre es adecuado estar presentes, tambi\u00e9n de forma f\u00edsica, pero el problemaes el de la distribuci\u00f3n de las v\u00edctimas por todo el territorio peninsular, y en otras partes del mundo.<\/p>\n","protected":false},"excerpt":{"rendered":"<p>Las v\u00edctimas del accidente del tren Alvia ocurrido el 24 de julio de 2013 en Santiago recurrir\u00e1n el autopor el que el juez Andr\u00e9s Lago ha cerrado la instrucci\u00f3n, al alegar indefensi\u00f3n puesto que numerosas pruebas que pidieron a este magistrado, que hered\u00f3 la causa de Luis Al\u00e1ez, les fueron denegadas. Adem\u00e1s, la Plataforma V\u00edctimas [&hellip;]<\/p>\n","protected":false},"author":3,"featured_media":27513,"comment_status":"open","ping_status":"open","sticky":false,"template":"","format":"standard","meta":{"footnotes":""},"categories":[85],"tags":[],"class_list":["post-27511","post","type-post","status-publish","format-standard","has-post-thumbnail","hentry","category-espana"],"_links":{"self":[{"href":"https:\/\/2horizontes.com\/index.php?rest_route=\/wp\/v2\/posts\/27511","targetHints":{"allow":["GET"]}}],"collection":[{"href":"https:\/\/2horizontes.com\/index.php?rest_route=\/wp\/v2\/posts"}],"about":[{"href":"https:\/\/2horizontes.com\/index.php?rest_route=\/wp\/v2\/types\/post"}],"author":[{"embeddable":true,"href":"https:\/\/2horizontes.com\/index.php?rest_route=\/wp\/v2\/users\/3"}],"replies":[{"embeddable":true,"href":"https:\/\/2horizontes.com\/index.php?rest_route=%2Fwp%2Fv2%2Fcomments&post=27511"}],"version-history":[{"count":3,"href":"https:\/\/2horizontes.com\/index.php?rest_route=\/wp\/v2\/posts\/27511\/revisions"}],"predecessor-version":[{"id":27515,"href":"https:\/\/2horizontes.com\/index.php?rest_route=\/wp\/v2\/posts\/27511\/revisions\/27515"}],"wp:featuredmedia":[{"embeddable":true,"href":"https:\/\/2horizontes.com\/index.php?rest_route=\/wp\/v2\/media\/27513"}],"wp:attachment":[{"href":"https:\/\/2horizontes.com\/index.php?rest_route=%2Fwp%2Fv2%2Fmedia&parent=27511"}],"wp:term":[{"taxonomy":"category","embeddable":true,"href":"https:\/\/2horizontes.com\/index.php?rest_route=%2Fwp%2Fv2%2Fcategories&post=27511"},{"taxonomy":"post_tag","embeddable":true,"href":"https:\/\/2horizontes.com\/index.php?rest_route=%2Fwp%2Fv2%2Ftags&post=27511"}],"curies":[{"name":"wp","href":"https:\/\/api.w.org\/{rel}","templated":true}]}}