{"id":27507,"date":"2015-10-07T19:26:06","date_gmt":"2015-10-07T18:26:06","guid":{"rendered":"http:\/\/2horizontes.com\/?p=27507"},"modified":"2015-10-07T19:26:06","modified_gmt":"2015-10-07T18:26:06","slug":"el-presunto-asesino-de-eva-blanco-ha-intentado-suicidarse-en-la-prision-francesa","status":"publish","type":"post","link":"https:\/\/2horizontes.com\/?p=27507","title":{"rendered":"El presunto asesino de Eva Blanco ha intentado suicidarse en la prisi\u00f3n francesa"},"content":{"rendered":"<p>El presunto asesino de Eva Blanco, Ahmed Chelh, ha intentado quitarse la vida en la celda de la prisi\u00f3n francesa de Besa\u00e7on (noreste de Francia), a donde fue trasladado tras ser detenido el jueves pasado, seg\u00fan han confirmado fuentes de la investigaci\u00f3n. Se tratar\u00eda de un intento desesperado, al verse acorralado.<\/p>\n<p>Adem\u00e1s, esta ma\u00f1ana, ha aceptado ante la Corte de Apelaci\u00f3n de dicha ciudad ser extraditado a Espa\u00f1a para ser juzgado por el asesinato de la menor, cometido en Algete (Madrid) hace ahora 18 a\u00f1os y medio.<\/p>\n<p>El hecho de que el \u00fanico acusado por este crimen haya aceptado ser entregado a las autoridades espa\u00f1olas hace que su traslado vaya a producirse de forma casi inmediata en los pr\u00f3ximos d\u00edas, seg\u00fan han indicado las mismas fuentes.<\/p>\n<p>En caso de que se hubiese opuesto, la Justicia francesa habr\u00eda decretado un plazo de 40 d\u00edas antes de tomar otra decisi\u00f3n, por lo que el proceso podr\u00eda haberse alargado incluso varios meses, informa Ep.<\/p>\n<p>En la vista celebrada este mi\u00e9rcoles tan solo se discut\u00eda sobre la reclamaci\u00f3n realizada por las autoridades espa\u00f1olas, y no sobre el fondo de los hechos. Su traslado a Espa\u00f1a se producir\u00e1 de forma inminente.<\/p>\n<p>Las primeras pesquisas efectuadas por el Grupo de Homicidios de la Guardia Civil han descartado por el momento que el presunto asesino de la joven, que fue detenido la semana pasada, est\u00e9 involucrado en otros cr\u00edmenes similares en Espa\u00f1a en esas fechas, seg\u00fan fuentes de la investigaci\u00f3n.<\/p>\n<p>Ahmed Chehl, de 52 a\u00f1os, se fue de Espa\u00f1a en 1999 (dos a\u00f1os despu\u00e9s del asesinato de Eva Blanco) y se instal\u00f3 en Francia. Fue detenido el pasado 1 de octubre en la localidad gala de Pierrefontaine Les Varans, donde se ganaba la vida trabajando en la construcci\u00f3n.<\/p>\n<p>Desde la Guardia Civil dan por cerrada la investigaci\u00f3n de este caso, al que le quedaba apenas un a\u00f1o y medio para prescribir. Los investigadores creen que Chehl, nacido en Marruecos pero con nacionalidad espa\u00f1ola, actu\u00f3 s\u00f3lo en el asesinato de Eva Blanco y no hay m\u00e1s personas implicadas.<\/p>\n","protected":false},"excerpt":{"rendered":"<p>El presunto asesino de Eva Blanco, Ahmed Chelh, ha intentado quitarse la vida en la celda de la prisi\u00f3n francesa de Besa\u00e7on (noreste de Francia), a donde fue trasladado tras ser detenido el jueves pasado, seg\u00fan han confirmado fuentes de la investigaci\u00f3n. Se tratar\u00eda de un intento desesperado, al verse acorralado. Adem\u00e1s, esta ma\u00f1ana, ha [&hellip;]<\/p>\n","protected":false},"author":3,"featured_media":27509,"comment_status":"open","ping_status":"open","sticky":false,"template":"","format":"standard","meta":{"footnotes":""},"categories":[85],"tags":[],"class_list":["post-27507","post","type-post","status-publish","format-standard","has-post-thumbnail","hentry","category-espana"],"_links":{"self":[{"href":"https:\/\/2horizontes.com\/index.php?rest_route=\/wp\/v2\/posts\/27507","targetHints":{"allow":["GET"]}}],"collection":[{"href":"https:\/\/2horizontes.com\/index.php?rest_route=\/wp\/v2\/posts"}],"about":[{"href":"https:\/\/2horizontes.com\/index.php?rest_route=\/wp\/v2\/types\/post"}],"author":[{"embeddable":true,"href":"https:\/\/2horizontes.com\/index.php?rest_route=\/wp\/v2\/users\/3"}],"replies":[{"embeddable":true,"href":"https:\/\/2horizontes.com\/index.php?rest_route=%2Fwp%2Fv2%2Fcomments&post=27507"}],"version-history":[{"count":1,"href":"https:\/\/2horizontes.com\/index.php?rest_route=\/wp\/v2\/posts\/27507\/revisions"}],"predecessor-version":[{"id":27510,"href":"https:\/\/2horizontes.com\/index.php?rest_route=\/wp\/v2\/posts\/27507\/revisions\/27510"}],"wp:featuredmedia":[{"embeddable":true,"href":"https:\/\/2horizontes.com\/index.php?rest_route=\/wp\/v2\/media\/27509"}],"wp:attachment":[{"href":"https:\/\/2horizontes.com\/index.php?rest_route=%2Fwp%2Fv2%2Fmedia&parent=27507"}],"wp:term":[{"taxonomy":"category","embeddable":true,"href":"https:\/\/2horizontes.com\/index.php?rest_route=%2Fwp%2Fv2%2Fcategories&post=27507"},{"taxonomy":"post_tag","embeddable":true,"href":"https:\/\/2horizontes.com\/index.php?rest_route=%2Fwp%2Fv2%2Ftags&post=27507"}],"curies":[{"name":"wp","href":"https:\/\/api.w.org\/{rel}","templated":true}]}}