{"id":27456,"date":"2015-10-07T16:50:08","date_gmt":"2015-10-07T15:50:08","guid":{"rendered":"http:\/\/2horizontes.com\/?p=27456"},"modified":"2015-10-07T16:50:08","modified_gmt":"2015-10-07T15:50:08","slug":"colgate-anuncia-eventos-mes-de-la-salud-bucal","status":"publish","type":"post","link":"https:\/\/2horizontes.com\/?p=27456","title":{"rendered":"Colgate anuncia eventos \u201cMes de la salud bucal\u201d"},"content":{"rendered":"<p>RD- SANTO DOMINGO-Colgate-Palmolive present\u00f3 las iniciativas que anualmente organiza para incentivar las buenas pr\u00e1cticas de higiene bucal entre los dominicanos y contribuir con un futuro m\u00e1s saludable y libre de caries.La presentaci\u00f3n de estas iniciativas, a prop\u00f3sito de celebrarse el Mes de la Salud Bucal, estuvo encabezada por el vicepresidente y gerente general de la Regi\u00f3n del Caribe, Bernal Sabor\u00edo, quien expres\u00f3 que \u201cpor los pasados 47 a\u00f1os Colgate se ha comprometido con elevar el bienestar y la salud bucal de los dominicanos, llevando educaci\u00f3n en los mejores h\u00e1bitos de higiene bucal a m\u00e1s de 13 millones de ni\u00f1os y a sus padres, a trav\u00e9s de su programa de responsabilidad social Sonrisas Brillantes, Futuros Brillantes\u201d.<\/p>\n<p>Enfatiz\u00f3 el compromiso de Colgate de desarrollar y apoyar alianzas claves de salud p\u00fablica que promuevan la buena salud en la regi\u00f3n del Caribe. Dentro de estas iniciativas, Colgate auspiciar\u00e1 la 2da Cumbre de Salud Oral del Caribe, a celebrarse en nuestro pa\u00eds del ocho al diez de este mes con la participaci\u00f3n de nueve pa\u00edses, con el objetivo de aunar esfuerzos y recursos entre la empresa privada, entidades del Gobierno, la comunidad odontol\u00f3gica y las escuelas de odontolog\u00eda para la prevenci\u00f3n, promoci\u00f3n de la salud y el cuidado m\u00e9dico.<\/p>\n","protected":false},"excerpt":{"rendered":"<p>RD- SANTO DOMINGO-Colgate-Palmolive present\u00f3 las iniciativas que anualmente organiza para incentivar las buenas pr\u00e1cticas de higiene bucal entre los dominicanos y contribuir con un futuro m\u00e1s saludable y libre de caries.La presentaci\u00f3n de estas iniciativas, a prop\u00f3sito de celebrarse el Mes de la Salud Bucal, estuvo encabezada por el vicepresidente y gerente general de la [&hellip;]<\/p>\n","protected":false},"author":8,"featured_media":27457,"comment_status":"open","ping_status":"open","sticky":false,"template":"","format":"standard","meta":{"footnotes":""},"categories":[84,44,45],"tags":[],"class_list":["post-27456","post","type-post","status-publish","format-standard","has-post-thumbnail","hentry","category-otras-noticias","category-republica-dominicana","category-salud"],"_links":{"self":[{"href":"https:\/\/2horizontes.com\/index.php?rest_route=\/wp\/v2\/posts\/27456","targetHints":{"allow":["GET"]}}],"collection":[{"href":"https:\/\/2horizontes.com\/index.php?rest_route=\/wp\/v2\/posts"}],"about":[{"href":"https:\/\/2horizontes.com\/index.php?rest_route=\/wp\/v2\/types\/post"}],"author":[{"embeddable":true,"href":"https:\/\/2horizontes.com\/index.php?rest_route=\/wp\/v2\/users\/8"}],"replies":[{"embeddable":true,"href":"https:\/\/2horizontes.com\/index.php?rest_route=%2Fwp%2Fv2%2Fcomments&post=27456"}],"version-history":[{"count":1,"href":"https:\/\/2horizontes.com\/index.php?rest_route=\/wp\/v2\/posts\/27456\/revisions"}],"predecessor-version":[{"id":27458,"href":"https:\/\/2horizontes.com\/index.php?rest_route=\/wp\/v2\/posts\/27456\/revisions\/27458"}],"wp:featuredmedia":[{"embeddable":true,"href":"https:\/\/2horizontes.com\/index.php?rest_route=\/wp\/v2\/media\/27457"}],"wp:attachment":[{"href":"https:\/\/2horizontes.com\/index.php?rest_route=%2Fwp%2Fv2%2Fmedia&parent=27456"}],"wp:term":[{"taxonomy":"category","embeddable":true,"href":"https:\/\/2horizontes.com\/index.php?rest_route=%2Fwp%2Fv2%2Fcategories&post=27456"},{"taxonomy":"post_tag","embeddable":true,"href":"https:\/\/2horizontes.com\/index.php?rest_route=%2Fwp%2Fv2%2Ftags&post=27456"}],"curies":[{"name":"wp","href":"https:\/\/api.w.org\/{rel}","templated":true}]}}