{"id":27397,"date":"2015-10-07T07:38:09","date_gmt":"2015-10-07T06:38:09","guid":{"rendered":"http:\/\/2horizontes.com\/?p=27397"},"modified":"2015-10-07T07:38:09","modified_gmt":"2015-10-07T06:38:09","slug":"carmena-da-luz-verde-a-canalejas-tras-rebajar-su-impacto-visual","status":"publish","type":"post","link":"https:\/\/2horizontes.com\/?p=27397","title":{"rendered":"Carmena da luz verde a Canalejas tras rebajar su impacto visual"},"content":{"rendered":"<p>El Ayuntamiento de Madrid ha llegado a un preacuerdo con el grupo Villar Mir para desbloquear las obras del complejo Canalejas.<\/p>\n<p>El compromiso, que se pondr\u00e1 por escrito esta semana, \u201cdesbloquea\u201d, seg\u00fan fuentes municipales, las dos claves de discordia: la volumetr\u00eda del piso superior del complejo comercial y hotelero, en la que Villar Mir pierde metros cuadrados para las viviendas de lujo proyectadas y sufre as\u00ed su mayor rev\u00e9s econ\u00f3mico; y la distribuci\u00f3n de la zona de carga y descarga subterr\u00e1nea y de los autobuses urbanos, que ahora aparcan frente al futuro complejo y que, previsiblemente, volver\u00e1n a cruzar por la Puerta del Sol.<\/p>\n<p>El grupo Villar Mir compr\u00f3 en diciembre de 2012 los siete edificios ubicados en el n\u00famero 1 de la plaza de Canalejas, el n\u00famero 7 de la carrera de San Jer\u00f3nimo, y los n\u00fameros 6, 8, 10, 12 y 14 de la calle de Alcal\u00e1. Pag\u00f3 215 millones al Banco Santander.<\/p>\n<p>En julio de 2014 inici\u00f3 la obra para construir un centro comercial de 15.000 metros cuadrados; un hotel de cinco estrellas (que gestionar\u00e1 la cadena Four Seasons) de 211 habitaciones, y 25 viviendas de lujo.<\/p>\n","protected":false},"excerpt":{"rendered":"<p>El Ayuntamiento de Madrid ha llegado a un preacuerdo con el grupo Villar Mir para desbloquear las obras del complejo Canalejas. El compromiso, que se pondr\u00e1 por escrito esta semana, \u201cdesbloquea\u201d, seg\u00fan fuentes municipales, las dos claves de discordia: la volumetr\u00eda del piso superior del complejo comercial y hotelero, en la que Villar Mir pierde [&hellip;]<\/p>\n","protected":false},"author":3,"featured_media":27398,"comment_status":"open","ping_status":"open","sticky":false,"template":"","format":"standard","meta":{"footnotes":""},"categories":[85],"tags":[],"class_list":["post-27397","post","type-post","status-publish","format-standard","has-post-thumbnail","hentry","category-espana"],"_links":{"self":[{"href":"https:\/\/2horizontes.com\/index.php?rest_route=\/wp\/v2\/posts\/27397","targetHints":{"allow":["GET"]}}],"collection":[{"href":"https:\/\/2horizontes.com\/index.php?rest_route=\/wp\/v2\/posts"}],"about":[{"href":"https:\/\/2horizontes.com\/index.php?rest_route=\/wp\/v2\/types\/post"}],"author":[{"embeddable":true,"href":"https:\/\/2horizontes.com\/index.php?rest_route=\/wp\/v2\/users\/3"}],"replies":[{"embeddable":true,"href":"https:\/\/2horizontes.com\/index.php?rest_route=%2Fwp%2Fv2%2Fcomments&post=27397"}],"version-history":[{"count":1,"href":"https:\/\/2horizontes.com\/index.php?rest_route=\/wp\/v2\/posts\/27397\/revisions"}],"predecessor-version":[{"id":27399,"href":"https:\/\/2horizontes.com\/index.php?rest_route=\/wp\/v2\/posts\/27397\/revisions\/27399"}],"wp:featuredmedia":[{"embeddable":true,"href":"https:\/\/2horizontes.com\/index.php?rest_route=\/wp\/v2\/media\/27398"}],"wp:attachment":[{"href":"https:\/\/2horizontes.com\/index.php?rest_route=%2Fwp%2Fv2%2Fmedia&parent=27397"}],"wp:term":[{"taxonomy":"category","embeddable":true,"href":"https:\/\/2horizontes.com\/index.php?rest_route=%2Fwp%2Fv2%2Fcategories&post=27397"},{"taxonomy":"post_tag","embeddable":true,"href":"https:\/\/2horizontes.com\/index.php?rest_route=%2Fwp%2Fv2%2Ftags&post=27397"}],"curies":[{"name":"wp","href":"https:\/\/api.w.org\/{rel}","templated":true}]}}