{"id":27286,"date":"2015-10-06T17:10:49","date_gmt":"2015-10-06T16:10:49","guid":{"rendered":"http:\/\/2horizontes.com\/?p=27286"},"modified":"2015-10-06T17:10:49","modified_gmt":"2015-10-06T16:10:49","slug":"muere-el-exsecretario-de-turismo-fernando-rainieri","status":"publish","type":"post","link":"https:\/\/2horizontes.com\/?p=27286","title":{"rendered":"Muere el exsecretario de Turismo, Fernando Rainieri"},"content":{"rendered":"<div id=\"ArticleBody\">\n<p>RD-SANTODOMINGO-Falleci\u00f3 este martes de un infarto el empresario tur\u00edstico Fernando Rainieri, hermano \u00a0del presidente del Grupo Punta Cana, Frank Rainieri.<\/p>\n<p>Los restos del tambi\u00e9n exsecretario de Turismo ser\u00e1n velados ma\u00f1ana en la funeraria Blandino, pero la hora a\u00fan no ha sido especificada.<\/p>\n<p>Fernando Rainieri fue nombrado por el Gobierno de Australia como su C\u00f3nsul Honorario en Rep\u00fablica Dominicana.\u00a0 Tambi\u00e9n era \u00a0secretario del Consejo Directivo de la Mesa Redonda de los Pa\u00edses de la Mancomunidad y empresario tur\u00edstico.<\/p>\n<\/div>\n<div><\/div>\n<p>&nbsp;<\/p>\n","protected":false},"excerpt":{"rendered":"<p>RD-SANTODOMINGO-Falleci\u00f3 este martes de un infarto el empresario tur\u00edstico Fernando Rainieri, hermano \u00a0del presidente del Grupo Punta Cana, Frank Rainieri. Los restos del tambi\u00e9n exsecretario de Turismo ser\u00e1n velados ma\u00f1ana en la funeraria Blandino, pero la hora a\u00fan no ha sido especificada. Fernando Rainieri fue nombrado por el Gobierno de Australia como su C\u00f3nsul Honorario [&hellip;]<\/p>\n","protected":false},"author":8,"featured_media":27287,"comment_status":"open","ping_status":"open","sticky":false,"template":"","format":"standard","meta":{"footnotes":""},"categories":[44],"tags":[],"class_list":["post-27286","post","type-post","status-publish","format-standard","has-post-thumbnail","hentry","category-republica-dominicana"],"_links":{"self":[{"href":"https:\/\/2horizontes.com\/index.php?rest_route=\/wp\/v2\/posts\/27286","targetHints":{"allow":["GET"]}}],"collection":[{"href":"https:\/\/2horizontes.com\/index.php?rest_route=\/wp\/v2\/posts"}],"about":[{"href":"https:\/\/2horizontes.com\/index.php?rest_route=\/wp\/v2\/types\/post"}],"author":[{"embeddable":true,"href":"https:\/\/2horizontes.com\/index.php?rest_route=\/wp\/v2\/users\/8"}],"replies":[{"embeddable":true,"href":"https:\/\/2horizontes.com\/index.php?rest_route=%2Fwp%2Fv2%2Fcomments&post=27286"}],"version-history":[{"count":1,"href":"https:\/\/2horizontes.com\/index.php?rest_route=\/wp\/v2\/posts\/27286\/revisions"}],"predecessor-version":[{"id":27288,"href":"https:\/\/2horizontes.com\/index.php?rest_route=\/wp\/v2\/posts\/27286\/revisions\/27288"}],"wp:featuredmedia":[{"embeddable":true,"href":"https:\/\/2horizontes.com\/index.php?rest_route=\/wp\/v2\/media\/27287"}],"wp:attachment":[{"href":"https:\/\/2horizontes.com\/index.php?rest_route=%2Fwp%2Fv2%2Fmedia&parent=27286"}],"wp:term":[{"taxonomy":"category","embeddable":true,"href":"https:\/\/2horizontes.com\/index.php?rest_route=%2Fwp%2Fv2%2Fcategories&post=27286"},{"taxonomy":"post_tag","embeddable":true,"href":"https:\/\/2horizontes.com\/index.php?rest_route=%2Fwp%2Fv2%2Ftags&post=27286"}],"curies":[{"name":"wp","href":"https:\/\/api.w.org\/{rel}","templated":true}]}}