{"id":27270,"date":"2015-10-06T10:57:33","date_gmt":"2015-10-06T09:57:33","guid":{"rendered":"http:\/\/2horizontes.com\/?p=27270"},"modified":"2015-10-06T10:57:33","modified_gmt":"2015-10-06T09:57:33","slug":"raul-castro-recibe-en-cuba-a-primer-ministro-de-timor-leste","status":"publish","type":"post","link":"https:\/\/2horizontes.com\/?p=27270","title":{"rendered":"Ra\u00fal Castro recibe en Cuba a Primer Ministro de Timor Leste"},"content":{"rendered":"<p><strong>Cuba<\/strong><\/p>\n<p>El General de Ej\u00e9rcito Ra\u00fal Castro Ruz, Presidente de los Consejos de Estado y de Ministros, recibi\u00f3 en la tarde de este lunes en el Palacio de la Revoluci\u00f3n al excelent\u00edsimo se\u00f1or doctor Rui Mar\u00eda de Araujo, Primer Ministro de Timor-Leste, quien realiza una visita oficial a Cuba.<\/p>\n<p>Ambos mandatarios dialogaron acerca del excelente estado de las relaciones bilaterales y manifestaron la voluntad com\u00fan de consolidar los nexos de cooperaci\u00f3n, fundamentalmente en el \u00e1rea de la salud. Tambi\u00e9n intercambiaron sobre otros temas de la agenda internacional.<\/p>\n<p>Acompa\u00f1aron al Primer Ministro, el doctor Hernani F. Coelho da Silva, ministro de Negocios Extranjeros y Cooperaci\u00f3n; as\u00ed como el embajador en nuestro pa\u00eds, Olimpio Miranda Branco.<\/p>\n<p>Por la parte cubana estuvieron presentes el canciller Bruno Rodr\u00edguez Parrilla, Rodrigo Malmierca Diaz, ministro del Comercio Exterior y la Inversi\u00f3n Extranjera, y el embajador designado en Timor-Leste, Oscar Gerardo Coet Blackstock.<\/p>\n<p>Minutos antes, <strong>el l\u00edder timorense, homenaje\u00f3 al ap\u00f3stol en el Memorial Jos\u00e9 Mart\u00ed. Rui Mar\u00eda de Araujo, acompa\u00f1ado por Rogelio Sierra, vice ministro de Relaciones Exteriores, coloc\u00f3 una ofrenda florar en ese monumento, para as\u00ed rendirle tributo al H\u00e9roe Nacional de Cuba.<\/strong><\/p>\n<p>Adem\u00e1s, de Araujo recorri\u00f3 el Memorial y firm\u00f3 el libro de visitantes donde escribi\u00f3: \u201ces un privilegio estar aqu\u00ed para compenetrarme con la historia de este pa\u00eds tan noble y solidario. \u00c9xitos al pueblo y al Estado cubanos\u201d.<\/p>\n<p>De acuerdo con la agenda del mandatario asi\u00e1tico, ma\u00f1ana martes recorrer\u00e1 el Instituto de Ciencias B\u00e1sicas y Precl\u00ednicas Victoria de Gir\u00f3n, y al d\u00eda siguiente visitar\u00e1 la Universidad de las Ciencias de la Cultura F\u00edsica y el Deporte, en esta capital. Tambi\u00e9n se prev\u00e9 un encuentro con el Presidente del Parlamento de Cuba, Esteban Lazo, como parte del programa de su tercera visita, que se extender\u00e1 hasta el pr\u00f3ximo jueves 8 de octubre.<\/p>\n<p>La Rep\u00fablica Democr\u00e1tica de Timor-Leste obtuvo su independencia de Portugal en 1975, aunque poco despu\u00e9s fue ocupada por las tropas de Indonesia. No fue hasta el 20 de mayo de 2002 que obtuvo su verdadera soberan\u00eda, gracias a un acuerdo firmado en las Naciones Unidas, suscrito en 1999.<\/p>\n<p>Durante a\u00f1os, Cuba ha apoyado a ese pa\u00eds en sectores como la educaci\u00f3n, la salud y el deporte. <strong>\u201cLas relaciones bilaterales son excelentes\u201d, declar\u00f3 el primer ministro timorense tras la llegada a la Isla, y a\u00f1adi\u00f3 que su pa\u00eds cuenta con una significativa presencia de colaboradores cubanos.<\/strong><\/p>\n<p>Timor-Leste posee alrededor de un mill\u00f3n 200 mil habitantes y se encuentra en la mitad oriental de la Isla de Timor, la que comparte con Indonesia. Sus idiomas oficiales son el Portugu\u00e9s y el Tetun. <strong>En diciembre de 2010 y septiembre de 2013, los entonces presidentes de esa naci\u00f3n, Jos\u00e9 Manuel Ramos-Horta y Taur Matan Ruak, respectivamente, tambi\u00e9n realizaron visitas oficiales a Cuba.<\/strong><\/p>\n<p>F. Cubadebate.<\/p>\n","protected":false},"excerpt":{"rendered":"<p>Cuba El General de Ej\u00e9rcito Ra\u00fal Castro Ruz, Presidente de los Consejos de Estado y de Ministros, recibi\u00f3 en la tarde de este lunes en el Palacio de la Revoluci\u00f3n al excelent\u00edsimo se\u00f1or doctor Rui Mar\u00eda de Araujo, Primer Ministro de Timor-Leste, quien realiza una visita oficial a Cuba. Ambos mandatarios dialogaron acerca del excelente [&hellip;]<\/p>\n","protected":false},"author":7,"featured_media":27271,"comment_status":"open","ping_status":"open","sticky":false,"template":"","format":"standard","meta":{"footnotes":""},"categories":[49,40,43],"tags":[],"class_list":["post-27270","post","type-post","status-publish","format-standard","has-post-thumbnail","hentry","category-cuba","category-internacionales","category-politica"],"_links":{"self":[{"href":"https:\/\/2horizontes.com\/index.php?rest_route=\/wp\/v2\/posts\/27270","targetHints":{"allow":["GET"]}}],"collection":[{"href":"https:\/\/2horizontes.com\/index.php?rest_route=\/wp\/v2\/posts"}],"about":[{"href":"https:\/\/2horizontes.com\/index.php?rest_route=\/wp\/v2\/types\/post"}],"author":[{"embeddable":true,"href":"https:\/\/2horizontes.com\/index.php?rest_route=\/wp\/v2\/users\/7"}],"replies":[{"embeddable":true,"href":"https:\/\/2horizontes.com\/index.php?rest_route=%2Fwp%2Fv2%2Fcomments&post=27270"}],"version-history":[{"count":1,"href":"https:\/\/2horizontes.com\/index.php?rest_route=\/wp\/v2\/posts\/27270\/revisions"}],"predecessor-version":[{"id":27272,"href":"https:\/\/2horizontes.com\/index.php?rest_route=\/wp\/v2\/posts\/27270\/revisions\/27272"}],"wp:featuredmedia":[{"embeddable":true,"href":"https:\/\/2horizontes.com\/index.php?rest_route=\/wp\/v2\/media\/27271"}],"wp:attachment":[{"href":"https:\/\/2horizontes.com\/index.php?rest_route=%2Fwp%2Fv2%2Fmedia&parent=27270"}],"wp:term":[{"taxonomy":"category","embeddable":true,"href":"https:\/\/2horizontes.com\/index.php?rest_route=%2Fwp%2Fv2%2Fcategories&post=27270"},{"taxonomy":"post_tag","embeddable":true,"href":"https:\/\/2horizontes.com\/index.php?rest_route=%2Fwp%2Fv2%2Ftags&post=27270"}],"curies":[{"name":"wp","href":"https:\/\/api.w.org\/{rel}","templated":true}]}}