{"id":27257,"date":"2015-10-06T10:31:09","date_gmt":"2015-10-06T09:31:09","guid":{"rendered":"http:\/\/2horizontes.com\/?p=27257"},"modified":"2015-10-06T10:31:09","modified_gmt":"2015-10-06T09:31:09","slug":"homicidios-en-el-salvador-ya-superan-los-5-000-en-lo-que-va-de-ano","status":"publish","type":"post","link":"https:\/\/2horizontes.com\/?p=27257","title":{"rendered":"Homicidios en El Salvador ya superan los 5.000 en lo que va de a\u00f1o"},"content":{"rendered":"<div id=\"ArticleAuthorDiv\" class=\"article-body-author\"><b>AFP<\/b><\/div>\n<div id=\"ArticleSourceDiv\" class=\"article-body-author\"><b>San Salvador<\/b><\/div>\n<div id=\"ArticleBody\">\n<p>El Salvador registr\u00f3 5.015 homicidios entre enero y septiembre, un aumento del 41,6% con respecto al mismo periodo del a\u00f1o pasado y una de las cifras m\u00e1s altas de los \u00faltimos tiempos, inform\u00f3 la polic\u00eda salvadore\u00f1a.<\/p>\n<p>\u00abEl n\u00famero de homicidios que se tiene registrado en lo que va del a\u00f1o es de 5.015\u00bb, dijo a la prensa el subdirector de la polic\u00eda, el comisionado Howard Cotto, quien destac\u00f3 que en los primeros nueve meses del a\u00f1o pasado el n\u00famero de asesinatos fue de 2.926.<\/p>\n<p>Cotto indic\u00f3 que muchas de las personas que murieron asesinadas estaban \u00abrelacionadas con estructuras criminales\u00bb como las pandillas, aunque no precis\u00f3 datos.<\/p>\n<p>Entre enero y septiembre, el saldo es de unos 18 homicidios diarios en el pa\u00eds, superando los 17 homicidios que en promedio ocurr\u00edan en la \u00e9poca de la guerra civil (1980-1992).<\/p>\n<p>De acuerdo con el subdirector de la polic\u00eda, las pandillas siguen siendo las principales responsables de las muertes.<\/p>\n<p>Recientemente, el ministro de Justicia y Seguridad, Benito Lara, asegur\u00f3 que el gobierno salvadore\u00f1o mantendr\u00e1 sus planes represivos contra las violentas pandillas, calificadas por el Estado como agrupaciones terroristas.<\/p>\n<p>Las pandillas cuentan con unos 72.000 miembros, 13.000 de ellos en prisi\u00f3n.<\/p>\n<p>Para apoyar a la polic\u00eda en tareas de seguridad p\u00fablica, la Fuerza Armada aporta unos 7.000 soldados que realizan patrullajes a pie en zonas de alta incidencia delincuencial, tanto en la capital, San Salvador, como en ciudades ciudades del interior del pa\u00eds.<\/p>\n<\/div>\n","protected":false},"excerpt":{"rendered":"<p>AFP San Salvador El Salvador registr\u00f3 5.015 homicidios entre enero y septiembre, un aumento del 41,6% con respecto al mismo periodo del a\u00f1o pasado y una de las cifras m\u00e1s altas de los \u00faltimos tiempos, inform\u00f3 la polic\u00eda salvadore\u00f1a. \u00abEl n\u00famero de homicidios que se tiene registrado en lo que va del a\u00f1o es de [&hellip;]<\/p>\n","protected":false},"author":7,"featured_media":27258,"comment_status":"open","ping_status":"open","sticky":false,"template":"","format":"standard","meta":{"footnotes":""},"categories":[40],"tags":[],"class_list":["post-27257","post","type-post","status-publish","format-standard","has-post-thumbnail","hentry","category-internacionales"],"_links":{"self":[{"href":"https:\/\/2horizontes.com\/index.php?rest_route=\/wp\/v2\/posts\/27257","targetHints":{"allow":["GET"]}}],"collection":[{"href":"https:\/\/2horizontes.com\/index.php?rest_route=\/wp\/v2\/posts"}],"about":[{"href":"https:\/\/2horizontes.com\/index.php?rest_route=\/wp\/v2\/types\/post"}],"author":[{"embeddable":true,"href":"https:\/\/2horizontes.com\/index.php?rest_route=\/wp\/v2\/users\/7"}],"replies":[{"embeddable":true,"href":"https:\/\/2horizontes.com\/index.php?rest_route=%2Fwp%2Fv2%2Fcomments&post=27257"}],"version-history":[{"count":1,"href":"https:\/\/2horizontes.com\/index.php?rest_route=\/wp\/v2\/posts\/27257\/revisions"}],"predecessor-version":[{"id":27259,"href":"https:\/\/2horizontes.com\/index.php?rest_route=\/wp\/v2\/posts\/27257\/revisions\/27259"}],"wp:featuredmedia":[{"embeddable":true,"href":"https:\/\/2horizontes.com\/index.php?rest_route=\/wp\/v2\/media\/27258"}],"wp:attachment":[{"href":"https:\/\/2horizontes.com\/index.php?rest_route=%2Fwp%2Fv2%2Fmedia&parent=27257"}],"wp:term":[{"taxonomy":"category","embeddable":true,"href":"https:\/\/2horizontes.com\/index.php?rest_route=%2Fwp%2Fv2%2Fcategories&post=27257"},{"taxonomy":"post_tag","embeddable":true,"href":"https:\/\/2horizontes.com\/index.php?rest_route=%2Fwp%2Fv2%2Ftags&post=27257"}],"curies":[{"name":"wp","href":"https:\/\/api.w.org\/{rel}","templated":true}]}}