{"id":27229,"date":"2015-10-06T08:21:11","date_gmt":"2015-10-06T07:21:11","guid":{"rendered":"http:\/\/2horizontes.com\/?p=27229"},"modified":"2015-10-06T08:21:11","modified_gmt":"2015-10-06T07:21:11","slug":"iglesias-y-garzon-liman-diferencias-y-vuelven-a-negociar-para-el-20-d","status":"publish","type":"post","link":"https:\/\/2horizontes.com\/?p=27229","title":{"rendered":"Iglesias y Garz\u00f3n liman diferencias y vuelven a negociar para el 20-D"},"content":{"rendered":"<p>El secretario general de Podemos, Pablo Iglesias, y el ganador de las primarias de IU, Alberto Garz\u00f3n, volvieron a negociar un posible acuerdo para concurrir en la misma candidatura a las elecciones del 20 de diciembre despu\u00e9s de que sus manifestaciones p\u00fablicas reflejaran un pulso por imponer sus condiciones en ese pacto.<\/p>\n<p>Iglesias quiere integrar a Garz\u00f3n en la lista de Podemos como independiente, y este presiona para lograr un acuerdo m\u00e1s amplio entre el partido emergente y una candidatura de \u201cunidad popular\u201d encabezada por \u00e9l.<\/p>\n<p>Mientras que las declaraciones de los dos l\u00edderes sugieren un choque y un distanciamiento, sus contactos apuntan a una negociaci\u00f3n del reparto de puestos en unas hipot\u00e9ticas listas conjuntas.<\/p>\n<p>Tras la reuni\u00f3n celebrada el pasado jueves en casa del diputado de IU y valorada positivamente por ambas organizaciones, Iglesias y Garz\u00f3n tienen previsto mantener esta semana otro contacto para desbloquear la situaci\u00f3n. Carolina Bescansa, n\u00famero tres de Podemos y responsable del programa electoral, afirm\u00f3 ayer.<\/p>\n<p>Seguimos nuestra hoja de ruta y esperamos que no haya ninguna mochila que impida a una persona valiosa incorporarse a la lista del cambio en este pa\u00eds en diciembre\u201d.<\/p>\n<p>Esa \u201cmochila\u201d, sobre la que Bescansa afirm\u00f3 que no pod\u00eda decir muy bien \u201ccu\u00e1l es su contenido, pero no cabe duda de que existe\u201d, es una palabra empleada a menudo por el coordinador federal de IU, Cayo Lara, y tiene que ver con el bagaje del que Podemos pretende deshacerse y que esta formaci\u00f3n est\u00e1 dispuesta a negociar con cargos de la federaci\u00f3n de izquierdas.<\/p>\n<p>Entre los principales escollos figura, por ejemplo, el futuro papel del secretario general del PCE, Jos\u00e9 Luis Centella, que pese a tener prevista su participaci\u00f3n en la campa\u00f1a electoral de Catalunya S\u00ed que es Pot fue finalmente vetado por Podemos.<\/p>\n<p>Cita privada<\/p>\n<p>En la reuni\u00f3n del pasado jueves, una cita de car\u00e1cter privado de la que ninguna de ambas formaciones inform\u00f3 oficialmente, estuvieron presentes el catal\u00e1n Joan Josep Nuet y la gallega Yolanda D\u00edaz. Seg\u00fan Podemos, de hecho, fueron quienes propiciaron esa cita.<\/p>\n<p>En cualquier caso, ambos han mantenido relaci\u00f3n con la direcci\u00f3n del partido emergente durante la campa\u00f1a del 27-S y en las negociaciones para conformar una candidatura en Galicia.<\/p>\n<p>La interpretaci\u00f3n de IU es que el partido de Iglesias se avino de nuevo a negociar con la federaci\u00f3n de izquierdas para evitar que Garz\u00f3n se salga del marco de un acuerdo.<\/p>\n<p>Este asegur\u00f3 ayer en Bilbao que seguir\u00e1 buscando un pacto con Iglesias \u201chasta el \u00faltimo minuto\u201d, aunque reconoci\u00f3 que \u201cno hay garant\u00eda de que se pueda construir una candidatura unitaria\u201d, informa Pedro Gorospe.<\/p>\n","protected":false},"excerpt":{"rendered":"<p>El secretario general de Podemos, Pablo Iglesias, y el ganador de las primarias de IU, Alberto Garz\u00f3n, volvieron a negociar un posible acuerdo para concurrir en la misma candidatura a las elecciones del 20 de diciembre despu\u00e9s de que sus manifestaciones p\u00fablicas reflejaran un pulso por imponer sus condiciones en ese pacto. Iglesias quiere integrar [&hellip;]<\/p>\n","protected":false},"author":3,"featured_media":27230,"comment_status":"open","ping_status":"open","sticky":false,"template":"","format":"standard","meta":{"footnotes":""},"categories":[43],"tags":[],"class_list":["post-27229","post","type-post","status-publish","format-standard","has-post-thumbnail","hentry","category-politica"],"_links":{"self":[{"href":"https:\/\/2horizontes.com\/index.php?rest_route=\/wp\/v2\/posts\/27229","targetHints":{"allow":["GET"]}}],"collection":[{"href":"https:\/\/2horizontes.com\/index.php?rest_route=\/wp\/v2\/posts"}],"about":[{"href":"https:\/\/2horizontes.com\/index.php?rest_route=\/wp\/v2\/types\/post"}],"author":[{"embeddable":true,"href":"https:\/\/2horizontes.com\/index.php?rest_route=\/wp\/v2\/users\/3"}],"replies":[{"embeddable":true,"href":"https:\/\/2horizontes.com\/index.php?rest_route=%2Fwp%2Fv2%2Fcomments&post=27229"}],"version-history":[{"count":1,"href":"https:\/\/2horizontes.com\/index.php?rest_route=\/wp\/v2\/posts\/27229\/revisions"}],"predecessor-version":[{"id":27231,"href":"https:\/\/2horizontes.com\/index.php?rest_route=\/wp\/v2\/posts\/27229\/revisions\/27231"}],"wp:featuredmedia":[{"embeddable":true,"href":"https:\/\/2horizontes.com\/index.php?rest_route=\/wp\/v2\/media\/27230"}],"wp:attachment":[{"href":"https:\/\/2horizontes.com\/index.php?rest_route=%2Fwp%2Fv2%2Fmedia&parent=27229"}],"wp:term":[{"taxonomy":"category","embeddable":true,"href":"https:\/\/2horizontes.com\/index.php?rest_route=%2Fwp%2Fv2%2Fcategories&post=27229"},{"taxonomy":"post_tag","embeddable":true,"href":"https:\/\/2horizontes.com\/index.php?rest_route=%2Fwp%2Fv2%2Ftags&post=27229"}],"curies":[{"name":"wp","href":"https:\/\/api.w.org\/{rel}","templated":true}]}}