{"id":27223,"date":"2015-10-06T08:12:17","date_gmt":"2015-10-06T07:12:17","guid":{"rendered":"http:\/\/2horizontes.com\/?p=27223"},"modified":"2015-10-06T08:12:17","modified_gmt":"2015-10-06T07:12:17","slug":"el-papa-se-reunio-con-una-pareja-gay-argentina-en-su-visita-a-estados-unidos","status":"publish","type":"post","link":"https:\/\/2horizontes.com\/?p=27223","title":{"rendered":"El papa se reuni\u00f3 con una pareja gay argentina en su visita a Estados Unidos"},"content":{"rendered":"<p>Mucho se est\u00e1 hablando sobre el Papa en estas \u00faltimas semanas. Desde que se supiese que cuando estuvo en Estados Unidos a finales del mes pasado, hizo una visita a Kim Davis, la funcionaria del Estado de Kentuchy que se negaba a dar licencias matrimoniales a parejas homosexuales, los comentarios no han cesado y es que, la homofobia que despliega no es plato de buen gusto para nadie.<\/p>\n<p>Sin embargo, una nueva informaci\u00f3n que tenemos es bastante chocante dada la pol\u00e9mica hom\u00f3foba que hay a su alrededor y es que seg\u00fan parece, el Papa habr\u00eda tenido una reuni\u00f3n con una pareja gay argentina el pasado 23 de septiembre cuando \u00e9ste, como hemos dicho, estaba de visita por Estados Unidos.<\/p>\n<p>La pareja en cuesti\u00f3n est\u00e1 formada por el proveedor de catering Yayo Grassi que vive actualmente en el pa\u00eds y su pareja con la que lleva diecinueve a\u00f1os, Iwan Bagus.<\/p>\n<p>La raz\u00f3n por la que estuvo con ellos fue porque Grassi, de 67 a\u00f1os de edad, es un viejo conocido de Francisco que, cuando \u00e9l estaba dando clases de literatura y psicolog\u00eda en los a\u00f1os sesenta en un colegio secundario de Argentina, fue su alumno y hoy en d\u00eda, siguen manteniendo el contacto.<\/p>\n<p>Ante los comentarios sobre el Papa que se han estado haciendo Grassi ha contestado la siguiente: \u00abLo que puedo decir es que se reuni\u00f3 conmigo sabiendo que soy gay y que tuvimos una conversaci\u00f3n extraordinaria, muy motivada\u00bb A continuaci\u00f3n con esto, os dejamos con el v\u00eddeo del famoso encuentro.<\/p>\n","protected":false},"excerpt":{"rendered":"<p>Mucho se est\u00e1 hablando sobre el Papa en estas \u00faltimas semanas. Desde que se supiese que cuando estuvo en Estados Unidos a finales del mes pasado, hizo una visita a Kim Davis, la funcionaria del Estado de Kentuchy que se negaba a dar licencias matrimoniales a parejas homosexuales, los comentarios no han cesado y es [&hellip;]<\/p>\n","protected":false},"author":3,"featured_media":27224,"comment_status":"open","ping_status":"open","sticky":false,"template":"","format":"standard","meta":{"footnotes":""},"categories":[57],"tags":[],"class_list":["post-27223","post","type-post","status-publish","format-standard","has-post-thumbnail","hentry","category-mundo-gay"],"_links":{"self":[{"href":"https:\/\/2horizontes.com\/index.php?rest_route=\/wp\/v2\/posts\/27223","targetHints":{"allow":["GET"]}}],"collection":[{"href":"https:\/\/2horizontes.com\/index.php?rest_route=\/wp\/v2\/posts"}],"about":[{"href":"https:\/\/2horizontes.com\/index.php?rest_route=\/wp\/v2\/types\/post"}],"author":[{"embeddable":true,"href":"https:\/\/2horizontes.com\/index.php?rest_route=\/wp\/v2\/users\/3"}],"replies":[{"embeddable":true,"href":"https:\/\/2horizontes.com\/index.php?rest_route=%2Fwp%2Fv2%2Fcomments&post=27223"}],"version-history":[{"count":1,"href":"https:\/\/2horizontes.com\/index.php?rest_route=\/wp\/v2\/posts\/27223\/revisions"}],"predecessor-version":[{"id":27225,"href":"https:\/\/2horizontes.com\/index.php?rest_route=\/wp\/v2\/posts\/27223\/revisions\/27225"}],"wp:featuredmedia":[{"embeddable":true,"href":"https:\/\/2horizontes.com\/index.php?rest_route=\/wp\/v2\/media\/27224"}],"wp:attachment":[{"href":"https:\/\/2horizontes.com\/index.php?rest_route=%2Fwp%2Fv2%2Fmedia&parent=27223"}],"wp:term":[{"taxonomy":"category","embeddable":true,"href":"https:\/\/2horizontes.com\/index.php?rest_route=%2Fwp%2Fv2%2Fcategories&post=27223"},{"taxonomy":"post_tag","embeddable":true,"href":"https:\/\/2horizontes.com\/index.php?rest_route=%2Fwp%2Fv2%2Ftags&post=27223"}],"curies":[{"name":"wp","href":"https:\/\/api.w.org\/{rel}","templated":true}]}}