{"id":27158,"date":"2015-10-05T18:09:59","date_gmt":"2015-10-05T17:09:59","guid":{"rendered":"http:\/\/2horizontes.com\/?p=27158"},"modified":"2015-10-05T18:09:59","modified_gmt":"2015-10-05T17:09:59","slug":"ya-son-73-los-fallecidos-por-dengue-en-rd","status":"publish","type":"post","link":"https:\/\/2horizontes.com\/?p=27158","title":{"rendered":"Ya son 73 los fallecidos por dengue en RD"},"content":{"rendered":"<p class=\"DETALLE_N_titulo \"><span id=\"ctl14_lblMostra\">RD-SANTO DOMINGO (EFE).- Un total de 73 personas ha fallecido este a\u00f1o v\u00edctima de dengue en la Rep\u00fablica Dominicana, mientras que m\u00e1s de 6.000 han resultado afectadas, inform\u00f3 este\u00a0lunes el Ministerio de Salud.<\/span><\/p>\n<p>La informaci\u00f3n la ofreci\u00f3 el director de Salud Colectiva de dicha cartera, Jos\u00e9 Manuel Puello, quien precis\u00f3 que la letalidad acumulada este a\u00f1o es de 1.2 por ciento.<\/p>\n<p>El Ministerio de Salud declar\u00f3 trece provincias en alerta amarilla (intermedia) por los casos de dengue, entre ellas, Santo Domingo, Dajab\u00f3n, La Vega, Independencia y La Altagrac\u00eda, adonde se trasladar\u00e1 hoy la titular de Salud, Altagracia Guzm\u00e1n Marcelino.<\/p>\n<p>Puello se reuni\u00f3 hoy con el equipo t\u00e9cnico de respuesta de salud para incrementar las medidas sanitarias adoptadas para combatir el dengue, una enfermedad viral aguda transmitida por el mosquito \u201caedes aegypti\u201d, que se caracteriza por la fiebre alta, dolor de cabeza intenso, dolor en los m\u00fasculos, alteraciones del aparato gastrointestinal y erupciones en la piel.<\/p>\n<p>\u201cLa subcomisi\u00f3n cl\u00ednica avanza en el proceso de revisi\u00f3n detallada de los expedientes cl\u00ednicos y de los informes de las investigaciones epidemiol\u00f3gicas de estas defunciones\u201d, subray\u00f3 el funcionario en declaraciones a periodistas.<\/p>\n","protected":false},"excerpt":{"rendered":"<p>RD-SANTO DOMINGO (EFE).- Un total de 73 personas ha fallecido este a\u00f1o v\u00edctima de dengue en la Rep\u00fablica Dominicana, mientras que m\u00e1s de 6.000 han resultado afectadas, inform\u00f3 este\u00a0lunes el Ministerio de Salud. La informaci\u00f3n la ofreci\u00f3 el director de Salud Colectiva de dicha cartera, Jos\u00e9 Manuel Puello, quien precis\u00f3 que la letalidad acumulada este [&hellip;]<\/p>\n","protected":false},"author":8,"featured_media":27159,"comment_status":"open","ping_status":"open","sticky":false,"template":"","format":"standard","meta":{"footnotes":""},"categories":[44,45],"tags":[],"class_list":["post-27158","post","type-post","status-publish","format-standard","has-post-thumbnail","hentry","category-republica-dominicana","category-salud"],"_links":{"self":[{"href":"https:\/\/2horizontes.com\/index.php?rest_route=\/wp\/v2\/posts\/27158","targetHints":{"allow":["GET"]}}],"collection":[{"href":"https:\/\/2horizontes.com\/index.php?rest_route=\/wp\/v2\/posts"}],"about":[{"href":"https:\/\/2horizontes.com\/index.php?rest_route=\/wp\/v2\/types\/post"}],"author":[{"embeddable":true,"href":"https:\/\/2horizontes.com\/index.php?rest_route=\/wp\/v2\/users\/8"}],"replies":[{"embeddable":true,"href":"https:\/\/2horizontes.com\/index.php?rest_route=%2Fwp%2Fv2%2Fcomments&post=27158"}],"version-history":[{"count":1,"href":"https:\/\/2horizontes.com\/index.php?rest_route=\/wp\/v2\/posts\/27158\/revisions"}],"predecessor-version":[{"id":27160,"href":"https:\/\/2horizontes.com\/index.php?rest_route=\/wp\/v2\/posts\/27158\/revisions\/27160"}],"wp:featuredmedia":[{"embeddable":true,"href":"https:\/\/2horizontes.com\/index.php?rest_route=\/wp\/v2\/media\/27159"}],"wp:attachment":[{"href":"https:\/\/2horizontes.com\/index.php?rest_route=%2Fwp%2Fv2%2Fmedia&parent=27158"}],"wp:term":[{"taxonomy":"category","embeddable":true,"href":"https:\/\/2horizontes.com\/index.php?rest_route=%2Fwp%2Fv2%2Fcategories&post=27158"},{"taxonomy":"post_tag","embeddable":true,"href":"https:\/\/2horizontes.com\/index.php?rest_route=%2Fwp%2Fv2%2Ftags&post=27158"}],"curies":[{"name":"wp","href":"https:\/\/api.w.org\/{rel}","templated":true}]}}