{"id":27149,"date":"2015-10-05T17:35:43","date_gmt":"2015-10-05T16:35:43","guid":{"rendered":"http:\/\/2horizontes.com\/?p=27149"},"modified":"2015-10-06T11:47:44","modified_gmt":"2015-10-06T10:47:44","slug":"matan-a-tiros-a-dos-hombres-en-moca-entre-ellos-un-suboficial-de-la-pn-rd","status":"publish","type":"post","link":"https:\/\/2horizontes.com\/?p=27149","title":{"rendered":"Matan a tiros a dos hombres en Moca entre ellos un suboficial de la PN RD"},"content":{"rendered":"<div id=\"ArticleBody\">\n<p>RD-MOCA-Dos hombres fueron\u00a0 acribillados a tiros en este fin de semana en Moca, entre ellos el sargento mayor Roberto N\u00fa\u00f1ez G\u00f3mez, de 51 a\u00f1os de edad ultimado la noche del s\u00e1bado en un colmad\u00f3n de la comunidad La Manzana.<\/p>\n<p>La Polic\u00eda\u00a0 inform\u00f3 que investiga a tres hombres y busca a otro que estar\u00edan involucrados en la muerte de N\u00fa\u00f1ez G\u00f3mez.<\/p>\n<p>Marcelo Mat\u00edas Mat\u00edas es se\u00f1alado como el responsable de ocasionarle la muerte al sargento<\/p>\n<p>En el hecho, adem\u00e1s, result\u00f3 con heridas de arma blanca y de fuego Roberto Antonio P\u00e9rez V\u00e1squez, de 37 a\u00f1os. Se inform\u00f3 que el alistado estaba compartiendo tragos con unos amigos, en el colmado Don Guillermo, en la referida localidad, poco antes que se originara la ri\u00f1a. Se desconoce cu\u00e1l fue el motivo de la pelea.<\/p>\n<p>El sub-oficial prestaba servicio en el cuartel policial de la comunidad de Las Lagunas, seg\u00fan se inform\u00f3.<\/p>\n<p>En otro hecho de sangre ocurrido en el fin\u00a0 de semana, personas hasta el momento desconocidas asesinaron de un disparo al joven Juan Manuel Almanzor G\u00f3mez (Wilito) de 26 a\u00f1os de edad, un hecho ocurrido en la calle principal del Aguacate en el distrito municipal de Las Lagunas.<\/p>\n<p>La polic\u00eda inform\u00f3 que el joven se trasportaba en una motocicleta al momento del hecho, y que realiza las investigaciones de lugar para establecer las motivaciones que pudieron conducir a este asesinato.<\/p>\n<\/div>\n","protected":false},"excerpt":{"rendered":"<p>RD-MOCA-Dos hombres fueron\u00a0 acribillados a tiros en este fin de semana en Moca, entre ellos el sargento mayor Roberto N\u00fa\u00f1ez G\u00f3mez, de 51 a\u00f1os de edad ultimado la noche del s\u00e1bado en un colmad\u00f3n de la comunidad La Manzana. La Polic\u00eda\u00a0 inform\u00f3 que investiga a tres hombres y busca a otro que estar\u00edan involucrados en [&hellip;]<\/p>\n","protected":false},"author":8,"featured_media":17198,"comment_status":"open","ping_status":"open","sticky":false,"template":"","format":"standard","meta":{"footnotes":""},"categories":[53,44],"tags":[],"class_list":["post-27149","post","type-post","status-publish","format-standard","has-post-thumbnail","hentry","category-provincias","category-republica-dominicana"],"_links":{"self":[{"href":"https:\/\/2horizontes.com\/index.php?rest_route=\/wp\/v2\/posts\/27149","targetHints":{"allow":["GET"]}}],"collection":[{"href":"https:\/\/2horizontes.com\/index.php?rest_route=\/wp\/v2\/posts"}],"about":[{"href":"https:\/\/2horizontes.com\/index.php?rest_route=\/wp\/v2\/types\/post"}],"author":[{"embeddable":true,"href":"https:\/\/2horizontes.com\/index.php?rest_route=\/wp\/v2\/users\/8"}],"replies":[{"embeddable":true,"href":"https:\/\/2horizontes.com\/index.php?rest_route=%2Fwp%2Fv2%2Fcomments&post=27149"}],"version-history":[{"count":1,"href":"https:\/\/2horizontes.com\/index.php?rest_route=\/wp\/v2\/posts\/27149\/revisions"}],"predecessor-version":[{"id":27151,"href":"https:\/\/2horizontes.com\/index.php?rest_route=\/wp\/v2\/posts\/27149\/revisions\/27151"}],"wp:featuredmedia":[{"embeddable":true,"href":"https:\/\/2horizontes.com\/index.php?rest_route=\/wp\/v2\/media\/17198"}],"wp:attachment":[{"href":"https:\/\/2horizontes.com\/index.php?rest_route=%2Fwp%2Fv2%2Fmedia&parent=27149"}],"wp:term":[{"taxonomy":"category","embeddable":true,"href":"https:\/\/2horizontes.com\/index.php?rest_route=%2Fwp%2Fv2%2Fcategories&post=27149"},{"taxonomy":"post_tag","embeddable":true,"href":"https:\/\/2horizontes.com\/index.php?rest_route=%2Fwp%2Fv2%2Ftags&post=27149"}],"curies":[{"name":"wp","href":"https:\/\/api.w.org\/{rel}","templated":true}]}}