{"id":27103,"date":"2015-10-05T14:10:03","date_gmt":"2015-10-05T13:10:03","guid":{"rendered":"http:\/\/2horizontes.com\/?p=27103"},"modified":"2015-10-05T14:10:03","modified_gmt":"2015-10-05T13:10:03","slug":"por-que-ocurre-lo-impensable-los-brasilenos-se-han-vuelto-pesimistas","status":"publish","type":"post","link":"https:\/\/2horizontes.com\/?p=27103","title":{"rendered":"Por qu\u00e9 ocurre lo impensable: los brasile\u00f1os se han vuelto pesimistas"},"content":{"rendered":"<p class=\"story-body__introduction\">Si en estos d\u00edas preguntas por las calles de R\u00edo de Janeiro sobre el futuro, es probable que te respondan con el cl\u00e1sico gesto de la mano cerrada y el pulgar extendido\u2026 pero apuntando hacia abajo.<\/p>\n<p>\u00abCasi todos los clientes dicen que sus cosas tienden a empeorar\u00bb, me cont\u00f3 el otro d\u00eda Fernando Jos\u00e9, un florista del barrio \u2014y que no vende arreglos para velorios; tiene un puesto callejero de ramos y plantas.<\/p>\n<p>Quienes atienden los bares cariocas suelen hablarme de lo sombr\u00edo que se ha vuelto el panorama para sus negocios, tras una ca\u00edda de ventas que en varios casos supera el 30%.<\/p>\n<p>\u00abNo converso mucho con los pasajeros\u00bb, me dijo Adir Pereira dos Santos, un taxista de 47 a\u00f1os. \u00abPero cuando lo hago, s\u00f3lo veo pesimismo\u00bb.<\/p>\n<figure class=\"media-landscape has-caption body-narrow-width\"><span class=\"image-and-copyright-container\"><img loading=\"lazy\" decoding=\"async\" class=\"js-image-replace alignleft\" src=\"http:\/\/ichef.bbci.co.uk\/news\/ws\/304\/amz\/worldservice\/live\/assets\/images\/2014\/06\/10\/140610164438_brasil_304x171_afp.jpg\" alt=\"La estatua del Corcovado delante del estadio de Maracan\u00e1 en R\u00edo de Janeiro.\" width=\"304\" height=\"171\" \/><\/span><figcaption class=\"media-caption\"><span class=\"media-caption__text\">\u00bfQui\u00e9n mira hacia adelante con entusiasmo en Brasil?<\/span><\/figcaption><\/figure>\n<p>La semana pasada encontr\u00e9 en el diario<i>O Globo<\/i> una llamativa publicidad de un instituto de ense\u00f1anza, con la foto de un pie encadenado a una bola de acero y una leyenda: \u00abEl pa\u00eds del futuro mal consigue hacer andar el presente\u00bb.<\/p>\n<p>Las encuestas lo confirman: una suerte de des\u00e1nimo o angustia ha cundido en la sociedad brasile\u00f1a, mejor conocida por la alegr\u00eda que refleja en su carnaval, su samba y su f\u00fatbol.<\/p>\n<p>Entonces, \u00bfa qu\u00e9 se debe este fen\u00f3meno, impensable poco tiempo atr\u00e1s?<\/p>\n<h2 class=\"story-body__crosshead\">Un tango brasile\u00f1o<\/h2>\n<p>Parte de la explicaci\u00f3n del actual estado de \u00e1nimo de los brasile\u00f1os responde sin dudas a la crisis econ\u00f3mica.<\/p>\n<p>Con una recesi\u00f3n que se agrava, una tasa oficial de desempleo en alza por siete meses consecutivos a 7,5% en julio y una inflaci\u00f3n a punto de llegar a los dos d\u00edgitos, pocos parecen reconfortados.<\/p>\n<figure class=\"media-landscape has-caption full-width\"><span class=\"image-and-copyright-container\"><img loading=\"lazy\" decoding=\"async\" class=\"js-image-replace\" src=\"http:\/\/ichef-1.bbci.co.uk\/news\/ws\/624\/amz\/worldservice\/live\/assets\/images\/2014\/10\/25\/141025170545_brazil_economy_624x351_thinkstock.jpg\" alt=\"Clientes en un supermercado brasile\u00f1o.\" width=\"624\" height=\"351\" \/><span class=\"off-screen\">Image copyright<\/span><span class=\"story-image-copyright\">Thinkstock<\/span><\/span><figcaption class=\"media-caption\"><span class=\"off-screen\">Image caption<\/span><span class=\"media-caption__text\">La econom\u00eda, causa de malestar para buena parte de los brasile\u00f1os.<\/span><\/figcaption><\/figure>\n<p>Una encuesta del estadounidense Centro de Investigaci\u00f3n Pew en 40 naciones ubic\u00f3 en julio a los brasile\u00f1os entre los m\u00e1s negativos al opinar sobre la econom\u00eda de su pa\u00eds: 87% dijo que va mal, un porcentaje s\u00f3lo superado en Ucrania, L\u00edbano e Italia.<\/p>\n<p>Esto contrasta con el <i>boom<\/i> que Brasil viv\u00eda pocos a\u00f1os atr\u00e1s, con una fuerte expansi\u00f3n econ\u00f3mica y una clase media que crec\u00eda por millones, disparando el consumo y sorprendiendo al mundo.<\/p>\n<p>Otra parte de la desilusi\u00f3n brasile\u00f1a est\u00e1 asociada a la crisis pol\u00edtica del pa\u00eds, con esc\u00e1ndalos de corrupci\u00f3n que podr\u00edan entrar en el libro Guinness y han destruido la popularidad de la presidenta Dilma Rousseff, reelecta hace un a\u00f1o.<\/p>\n<p>Casi dos de cada tres brasile\u00f1os (63%) creen que lo que resta del gobierno de Rousseff ser\u00e1 malo o p\u00e9simo, seg\u00fan un sondeo del instituto Ibope divulgado en septiembre por la Confederaci\u00f3n Nacional de Industria.<\/p>\n<figure class=\"media-landscape has-caption full-width\"><span class=\"image-and-copyright-container\"><img loading=\"lazy\" decoding=\"async\" class=\"js-image-replace\" src=\"http:\/\/ichef-1.bbci.co.uk\/news\/ws\/624\/amz\/worldservice\/live\/assets\/images\/2015\/09\/10\/150910154954_dilma_sorrindo_624x351_agbrasil_nocredit.jpg\" alt=\"La presidenta brasile\u00f1a, Dilma Rousseff, sonr\u00ede.\" width=\"624\" height=\"351\" \/><span class=\"off-screen\">Image copyright<\/span><span class=\"story-image-copyright\">Ag Brasil<\/span><\/span><figcaption class=\"media-caption\"><span class=\"off-screen\">Image caption<\/span><span class=\"media-caption__text\">Dilma Rousseff: la presidenta brasile\u00f1a pide no hacerle caso a los \u00abpesimistas\u00bb. Pero, \u00bfqui\u00e9n le hace caso a ella?<\/span><\/figcaption><\/figure>\n<p>Hace unos d\u00edas la presidenta dijo estar \u00absegura de que este pa\u00eds es mucho m\u00e1s grande de lo que los pesimistas quieren hacer creer\u00bb.<\/p>\n<p>Pero muy pocos parecen seguir su consejo.<\/p>\n<p>Crec\u00ed en una sociedad tanguera y nost\u00e1lgica como la uruguaya y viv\u00ed cinco a\u00f1os en Francia, donde el malestar y la queja son constantes, pero no dejo de asombrarme por la desaz\u00f3n actual de Brasil.<\/p>\n<p>Y cuando le pregunto a los expertos qu\u00e9 est\u00e1 pasando aqu\u00ed, me dicen que hay razones todav\u00eda m\u00e1s profundas para la pesadumbre.<\/p>\n<h2 class=\"story-body__crosshead\">Tristeza n\u00e3o tem fim<\/h2>\n<p>\u00abSiempre sospech\u00e9 de esa alegr\u00eda del brasile\u00f1o\u00bb, comenta Aldo Fornazieri, director acad\u00e9mico de la Escuela de Sociolog\u00eda y Pol\u00edtica de S\u00e3o Paulo.<\/p>\n<p>A su juicio, detr\u00e1s de la emotividad y sociabilidad que caracteriza a este pueblo siempre hubo un alto grado de tristeza y escepticismo, sobre todo en relaci\u00f3n al propio Brasil.<\/p>\n<p>\u00abEso hab\u00eda cambiado porque de hecho hubo una mejora de condiciones econ\u00f3micas y sociales, una mejora de consumo\u00bb, se\u00f1ala. \u00abPero Brasil nunca lidi\u00f3 con la idea de grandeza, de conquista de la gloria ni nada\u00bb.<\/p>\n<p>Tal vez s\u00ed lo hizo en el f\u00fatbol, \u00bfpero qu\u00e9 queda de ese orgullo deportivo despu\u00e9s de la vergonzosa goleada 7 a 1 que Alemania le propin\u00f3 a Brasil en el Mundial del a\u00f1o pasado, a domicilio?<\/p>\n<figure class=\"media-landscape has-caption full-width\"><span class=\"image-and-copyright-container\"><img loading=\"lazy\" decoding=\"async\" class=\"js-image-replace\" src=\"http:\/\/ichef.bbci.co.uk\/news\/ws\/624\/amz\/worldservice\/live\/assets\/images\/2014\/12\/22\/141222125358_brasil_alemania_mundial_624x351_afp.jpg\" alt=\"El defensor brasile\u00f1o David Luiz se retira llorando tras la derrota 7 a 1 contra Alemania en el Mundial 2014.\" width=\"624\" height=\"351\" \/>Las l\u00e1grimas de David Luiz: el f\u00fatbol brasile\u00f1o a\u00fan no se recupera de la traum\u00e1tica derrota 7 a 1 contra Alemania en el Mundial 2014.<\/span><\/figure>\n<p>Paulo Henrique Martins, profesor de sociolog\u00eda en la Universidad Federal de Pernambuco, cree que la cl\u00e1sica alegr\u00eda brasile\u00f1a tiene relaci\u00f3n con la \u00abcultura sincr\u00e9tica\u00bb de un pa\u00eds que mezcl\u00f3 razas europeas, africanas e ind\u00edgenas.<\/p>\n<p>\u00abEsa alegr\u00eda tradicional, que no dejaba de ser un s\u00edmbolo de solidaridad \u2014a pesar de ser diferentes, somos iguales en la celebraci\u00f3n\u2014, se est\u00e1 perdiendo por un exceso de individualismo de la sociedad contempor\u00e1nea\u00bb, afirma.<\/p>\n<p>Es cierto que desde hace un tiempo me cuesta ver a los brasile\u00f1os unidos por algo, m\u00e1s all\u00e1 de clases sociales y razas.<\/p>\n<p>Sol\u00eda verlos en las playas de R\u00edo, pero \u00e9stas se han vuelto tambi\u00e9n un lugar de tensi\u00f3n tras una serie reciente de robos, violencia y asaltos en masa conocidos como <i>arrast\u00f5es<\/i>.<\/p>\n<p>Los habitantes de los barrios m\u00e1s acomodados de Ipanema y Copacabana culparon por esa inseguridad a adolescentes que bajan a las playas desde las favelas, y hasta hubo intentos de justicia por mano propia.<\/p>\n<p>Una encuesta sobre c\u00f3mo R\u00edo es percibido por su gente revel\u00f3 hace unos d\u00edas que 71% de los cariocas cree que la violencia aument\u00f3 y s\u00f3lo 43% dice sentir orgullo de vivir en la ciudad (20 puntos menos que hace dos a\u00f1os).<\/p>\n<figure class=\"media-landscape has-caption full-width\"><span class=\"image-and-copyright-container\"><img loading=\"lazy\" decoding=\"async\" class=\"js-image-replace\" src=\"http:\/\/ichef-1.bbci.co.uk\/news\/ws\/624\/amz\/worldservice\/live\/assets\/images\/2014\/10\/05\/141005001904_sp_brasil_violencia_624x351_reuters.jpg\" alt=\"Un brasile\u00f1o sostiene un cartel que dice \" width=\"624\" height=\"351\" \/><\/span><figcaption class=\"media-caption\"><span class=\"media-caption__text\">La violencia, al igual que la econom\u00eda, es una fuente de angustias cotidianas para los brasile\u00f1os.<\/span><\/figcaption><\/figure>\n<p>Tal vez ocurra algo similar en otras partes de este gigantesco pa\u00eds.<\/p>\n<p>Las muertes violentas crecieron el a\u00f1o pasado en varias ciudades brasile\u00f1as, aunque se reduc\u00edan en R\u00edo y S\u00e3o Paulo, y alcanzaron un promedio de casi dos personas por hora, indic\u00f3 un estudio del Foro Brasile\u00f1o de Seguridad P\u00fablica hace unos d\u00edas.<\/p>\n<p>Y en los \u00faltimos d\u00edas hubo dos episodios que hundieron a\u00fan m\u00e1s la esperanza reciente de una \u00abpacificaci\u00f3n\u00bb en R\u00edo.<\/p>\n<p>Uno fue un video grabado por vecinos de una favela c\u00e9ntrica que muestra a efectivos de la Unidad de Polic\u00eda Pacificadora (UPP) modificando la escena de un crimen, presuntamente para encubrir el asesinato de un adolescente cometido por ellos mismos.<\/p>\n<p>El otro caso fue la muerte de un polic\u00eda de otra UPP, baleado mientras realizaba un patrullaje de rutina. Llam\u00f3 la atenci\u00f3n porque la v\u00edctima, Caio Ignacio Cardoso de Melo, hab\u00eda hecho el doblaje al portugu\u00e9s del protagonista de las pel\u00edculas de Harry Potter.<\/p>\n<p>Tambi\u00e9n le hab\u00eda dado voz al ni\u00f1o del laureado filme italiano \u00abLa vida es bella\u00bb.<\/p>\n<p>No, para los brasile\u00f1os la vida no es tan bella \u00faltimamente.<\/p>\n","protected":false},"excerpt":{"rendered":"<p>Si en estos d\u00edas preguntas por las calles de R\u00edo de Janeiro sobre el futuro, es probable que te respondan con el cl\u00e1sico gesto de la mano cerrada y el pulgar extendido\u2026 pero apuntando hacia abajo. \u00abCasi todos los clientes dicen que sus cosas tienden a empeorar\u00bb, me cont\u00f3 el otro d\u00eda Fernando Jos\u00e9, un [&hellip;]<\/p>\n","protected":false},"author":4,"featured_media":27104,"comment_status":"open","ping_status":"open","sticky":false,"template":"","format":"standard","meta":{"footnotes":""},"categories":[82,84],"tags":[],"class_list":["post-27103","post","type-post","status-publish","format-standard","has-post-thumbnail","hentry","category-opinion","category-otras-noticias"],"_links":{"self":[{"href":"https:\/\/2horizontes.com\/index.php?rest_route=\/wp\/v2\/posts\/27103","targetHints":{"allow":["GET"]}}],"collection":[{"href":"https:\/\/2horizontes.com\/index.php?rest_route=\/wp\/v2\/posts"}],"about":[{"href":"https:\/\/2horizontes.com\/index.php?rest_route=\/wp\/v2\/types\/post"}],"author":[{"embeddable":true,"href":"https:\/\/2horizontes.com\/index.php?rest_route=\/wp\/v2\/users\/4"}],"replies":[{"embeddable":true,"href":"https:\/\/2horizontes.com\/index.php?rest_route=%2Fwp%2Fv2%2Fcomments&post=27103"}],"version-history":[{"count":1,"href":"https:\/\/2horizontes.com\/index.php?rest_route=\/wp\/v2\/posts\/27103\/revisions"}],"predecessor-version":[{"id":27105,"href":"https:\/\/2horizontes.com\/index.php?rest_route=\/wp\/v2\/posts\/27103\/revisions\/27105"}],"wp:featuredmedia":[{"embeddable":true,"href":"https:\/\/2horizontes.com\/index.php?rest_route=\/wp\/v2\/media\/27104"}],"wp:attachment":[{"href":"https:\/\/2horizontes.com\/index.php?rest_route=%2Fwp%2Fv2%2Fmedia&parent=27103"}],"wp:term":[{"taxonomy":"category","embeddable":true,"href":"https:\/\/2horizontes.com\/index.php?rest_route=%2Fwp%2Fv2%2Fcategories&post=27103"},{"taxonomy":"post_tag","embeddable":true,"href":"https:\/\/2horizontes.com\/index.php?rest_route=%2Fwp%2Fv2%2Ftags&post=27103"}],"curies":[{"name":"wp","href":"https:\/\/api.w.org\/{rel}","templated":true}]}}