{"id":27096,"date":"2015-10-05T13:49:41","date_gmt":"2015-10-05T12:49:41","guid":{"rendered":"http:\/\/2horizontes.com\/?p=27096"},"modified":"2015-10-05T14:04:17","modified_gmt":"2015-10-05T13:04:17","slug":"periodistas-de-venezuela-denuncian-ante-la-sip-las-presiones-de-maduro","status":"publish","type":"post","link":"https:\/\/2horizontes.com\/?p=27096","title":{"rendered":"Periodistas de Venezuela denuncian ante la SIP las presiones de Maduro"},"content":{"rendered":"<h2><strong>La cumbre semestral de due\u00f1os de medios de Am\u00e9rica Latina advierte sobre la \u00abderiva totalitaria\u00bb del Gobierno venezolano<\/strong><\/h2>\n<p>&nbsp;<\/p>\n<p>La delegaci\u00f3n venezolana que asiste a la 71 asamblea de la Sociedad Interamericana de Prensa (SIP), que culmina el martes en la ciudad estadounidense de Charleston, Carolina del Sur, ha vuelto a denunciar la cr\u00edtica situaci\u00f3n que enfrenta la prensa no oficialista en el pa\u00eds y ha arremetido en duros t\u00e9rminos contra el gobierno del presidente Nicol\u00e1s Maduro. Esta vez han desaparecido los t\u00e9rminos que ubicaban a Venezuela en una franja difusa entre una democracia precaria y el autoritarismo rampl\u00f3n.<\/p>\n<p>El Gobierno venezolano \u201cha instaurado ya abiertamente la dictadura\u201d y \u00e9sta \u201cse desplaza hacia la tiran\u00eda que ejercen a d\u00fao Maduro y el presidente de la Asamblea Nacional Diosdado Cabello\u201d, afirm\u00f3 el jurista venezolano Asdr\u00fabal Aguiar, exministro de Relaciones Interiores del gobierno de Rafael Caldera (1994-1999).<\/p>\n<div id=\"sumario_1|html\" class=\"centro\"><\/div>\n<p>Cada a\u00f1o la SIP celebra una reuni\u00f3n semestral entre los due\u00f1os y editores de los diarios de Am\u00e9rica Latina. Durante muchas asambleas el caso venezolano ha merecido especial atenci\u00f3n, pero esta vez hay una preocupaci\u00f3n mayor. Un informe elaborado por la Comisi\u00f3n de Libertad de Prensa e Informaci\u00f3n de la organizaci\u00f3n tild\u00f3 al pa\u00eds caribe\u00f1o de \u00abnarcoestado real y no imaginario\u00bb, y destac\u00f3 que, en el \u00faltimo semestre, se han registrado \u201c300 violaciones al derecho a la libertad de expresi\u00f3n, ataques a periodistas, criminalizaci\u00f3n de la actividad period\u00edstica y limitaciones de acceso a la informaci\u00f3n\u201d.<\/p>\n<p>El caso m\u00e1s emblem\u00e1tico de 2015 es la querella penal iniciada por el presidente de la Asamblea Nacional Diosdado Cabello, contra el diario <em>El Nacional<\/em> por supuesta difamaci\u00f3n. <em>El Nacional<\/em>, el agregador de noticias La Patilla, y el semanario <em>Tal Cual<\/em>, que dirige el ganador del premio Ortega y Gasset de 2015 Teodoro Petkoff, retomaron un reportaje del diario espa\u00f1ol\u00a0<em>ABC<\/em> en el cual se aseguraba, a partir de las presuntas confesiones de un oficial desertor de la Fuerza Armada Nacional Bolivariana, que el n\u00famero dos del r\u00e9gimen ten\u00eda v\u00ednculos con el narcotr\u00e1fico.<\/p>\n<div id=\"sumario_2|html\" class=\"centro\"><\/div>\n<p>En abril un tribunal decidi\u00f3 prohibirle la salida del pa\u00eds a 22 directivos de los medios demandados. En agosto Cabello anunci\u00f3 que introducir\u00eda tambi\u00e9n una demanda civil, r\u00e1pidamente admitida por la justicia local, que funciona como un ap\u00e9ndice del gobierno. En el escrito el presidente del Parlamento exige a estos tres medios una indemnizaci\u00f3n de unos 78 millones de d\u00f3lares por \u201cda\u00f1os morales\u201d.<\/p>\n<p>Despu\u00e9s de formular toda clase de cr\u00edticas al r\u00e9gimen venezolano Aguiar pidi\u00f3 a la plenaria que adoptara una resoluci\u00f3n \u201cque declare la ruptura final de la libertad de expresi\u00f3n y prensa\u201d en el pa\u00eds sudamericano y que declare a Maduro y a Cabello \u201ccomo los principales victimarios de la prensa libre y el ocultamiento de la informaci\u00f3n\u201d. En la sala se encontraban Marcel Granier, el presidente de la desaparecida televisora Radio Caracas Televisi\u00f3n, cuyas transmisiones fueron cesadas en mayo de 2007 por \u00f3rdenes del entonces gobernante Hugo Ch\u00e1vez, y<\/p>\n<p>Otero mostr\u00f3 a la plenaria un video de casi cuatro minutos que luce como un inventario de todos los agravios oficiales que ha recibido por la l\u00ednea editorial que mantiene su medio los asistentes. Han sido casi tres lustros de una intensa confrontaci\u00f3n con el chavismo, pero desde inicios de a\u00f1o el gobierno parece estar dispuesto a torcerle el brazo a la poca prensa no oficialista que queda en el pa\u00eds. El propio OteroMiguel Henrique Otero, presidente-editor del diario <em>El Nacional<\/em>., de hecho, coment\u00f3 que en Venezuela le esperaba una orden de aprehensi\u00f3n en su contra.<a name=\"sumario_3\"><\/a><\/p>\n<p>A\u00fan no est\u00e1 claro si se trata de una medida de arresto o de una orden de conducci\u00f3n por la demanda interpuesta por Cabello, seg\u00fan una fuente allegada al diario venezolano. Lo que Otero \u2014exiliado desde hace siete meses\u2014 s\u00ed expuso como un hecho ante la prensa acreditada en el evento fue lo que defini\u00f3 como un m\u00e9todo de acoso contra los medios independientes: \u201cse formulan varias acusaciones sin pruebas contra medios y periodistas que luego sirven como excusa al Poder Judicial para solicitar \u00f3rdenes de captura\u201d. Al final, el periodista o medio acusado \u201cespera un juicio que nunca llega\u201d.<\/p>\n","protected":false},"excerpt":{"rendered":"<p>La cumbre semestral de due\u00f1os de medios de Am\u00e9rica Latina advierte sobre la \u00abderiva totalitaria\u00bb del Gobierno venezolano &nbsp; La delegaci\u00f3n venezolana que asiste a la 71 asamblea de la Sociedad Interamericana de Prensa (SIP), que culmina el martes en la ciudad estadounidense de Charleston, Carolina del Sur, ha vuelto a denunciar la cr\u00edtica situaci\u00f3n [&hellip;]<\/p>\n","protected":false},"author":4,"featured_media":27102,"comment_status":"open","ping_status":"open","sticky":false,"template":"","format":"standard","meta":{"footnotes":""},"categories":[43,48],"tags":[],"class_list":["post-27096","post","type-post","status-publish","format-standard","has-post-thumbnail","hentry","category-politica","category-venezuela"],"_links":{"self":[{"href":"https:\/\/2horizontes.com\/index.php?rest_route=\/wp\/v2\/posts\/27096","targetHints":{"allow":["GET"]}}],"collection":[{"href":"https:\/\/2horizontes.com\/index.php?rest_route=\/wp\/v2\/posts"}],"about":[{"href":"https:\/\/2horizontes.com\/index.php?rest_route=\/wp\/v2\/types\/post"}],"author":[{"embeddable":true,"href":"https:\/\/2horizontes.com\/index.php?rest_route=\/wp\/v2\/users\/4"}],"replies":[{"embeddable":true,"href":"https:\/\/2horizontes.com\/index.php?rest_route=%2Fwp%2Fv2%2Fcomments&post=27096"}],"version-history":[{"count":1,"href":"https:\/\/2horizontes.com\/index.php?rest_route=\/wp\/v2\/posts\/27096\/revisions"}],"predecessor-version":[{"id":27098,"href":"https:\/\/2horizontes.com\/index.php?rest_route=\/wp\/v2\/posts\/27096\/revisions\/27098"}],"wp:featuredmedia":[{"embeddable":true,"href":"https:\/\/2horizontes.com\/index.php?rest_route=\/wp\/v2\/media\/27102"}],"wp:attachment":[{"href":"https:\/\/2horizontes.com\/index.php?rest_route=%2Fwp%2Fv2%2Fmedia&parent=27096"}],"wp:term":[{"taxonomy":"category","embeddable":true,"href":"https:\/\/2horizontes.com\/index.php?rest_route=%2Fwp%2Fv2%2Fcategories&post=27096"},{"taxonomy":"post_tag","embeddable":true,"href":"https:\/\/2horizontes.com\/index.php?rest_route=%2Fwp%2Fv2%2Ftags&post=27096"}],"curies":[{"name":"wp","href":"https:\/\/api.w.org\/{rel}","templated":true}]}}