{"id":27021,"date":"2015-10-05T09:58:55","date_gmt":"2015-10-05T08:58:55","guid":{"rendered":"http:\/\/2horizontes.com\/?p=27021"},"modified":"2015-10-05T09:58:55","modified_gmt":"2015-10-05T08:58:55","slug":"aumentan-a-112-los-muertos-en-guatemala-por-alud","status":"publish","type":"post","link":"https:\/\/2horizontes.com\/?p=27021","title":{"rendered":"Aumentan a 112 los muertos en Guatemala por alud"},"content":{"rendered":"<div id=\"ArticleAuthorDiv\" class=\"article-body-author\"><b>EFE<\/b><\/div>\n<div id=\"ArticleSourceDiv\" class=\"article-body-author\"><b>Guatemala<\/b><\/div>\n<div id=\"ArticleBody\">\n<p>El Reino Unido envi\u00f3 ayer sus \u00abcondolencias\u00bb a Guatemala por el alud que se produjo el pasado jueves y que dej\u00f3, al menos, 112 fallecidos y 300 desaparecidos.<\/p>\n<p>En una declaraci\u00f3n p\u00fablica divulgada a trav\u00e9s de la embajada brit\u00e1nica en el pa\u00eds centroamericano, el Ministro de Relaciones Exteriores del Reino Unido para Latinoam\u00e9rica, Hugo Swire, dijo que sus \u00abpensamientos\u00bb est\u00e1n con las personas de El Cambray II, donde un asentamiento se vio arrasado por un deslizamiento de tierras.<\/p>\n<p>Hasta el momento se contabilizan 112 muertos seg\u00fan las cifras oficiales, de los que 38 est\u00e1n identificados (26 adultos y 12 menores) y 52 sin identificar (33 adultos y 19 menores de edad).<\/p>\n<p>La cifra restante, 22, corresponde a restos humanos de los que las autoridades hasta el momento no han podido determinar ni el sexo ni la edad.<\/p>\n<p>El alud se registr\u00f3 el pasado jueves por la noche en un barrio al sureste de la Ciudad de Guatemala, situado en medio de dos peque\u00f1as monta\u00f1as, una de las cuales se derrumb\u00f3 en un sector por las lluvias y enterr\u00f3 a m\u00e1s de 25 metros de profundidad a unas 125 casas.<\/p>\n<p>Ante esta situaci\u00f3n, Swire mostr\u00f3 su solidaridad con \u00abtodas las familias afectadas por el terrible deslave\u00bb y felicit\u00f3 \u00aba los valientes equipos de rescate en el lugar\u00bb.<\/p>\n<p>Este domingo se cumplen las 72 horas establecidas en el protocolo internacional para la b\u00fasqueda de v\u00edctimas, pero autoridades de socorro nacionales confirmaron a Acan-Efe que durante la jornada de ma\u00f1ana lunes los trabajos continuar\u00e1n en el \u00e1rea afectada.<\/p>\n<\/div>\n","protected":false},"excerpt":{"rendered":"<p>EFE Guatemala El Reino Unido envi\u00f3 ayer sus \u00abcondolencias\u00bb a Guatemala por el alud que se produjo el pasado jueves y que dej\u00f3, al menos, 112 fallecidos y 300 desaparecidos. En una declaraci\u00f3n p\u00fablica divulgada a trav\u00e9s de la embajada brit\u00e1nica en el pa\u00eds centroamericano, el Ministro de Relaciones Exteriores del Reino Unido para Latinoam\u00e9rica, [&hellip;]<\/p>\n","protected":false},"author":7,"featured_media":27022,"comment_status":"open","ping_status":"open","sticky":false,"template":"","format":"standard","meta":{"footnotes":""},"categories":[40],"tags":[],"class_list":["post-27021","post","type-post","status-publish","format-standard","has-post-thumbnail","hentry","category-internacionales"],"_links":{"self":[{"href":"https:\/\/2horizontes.com\/index.php?rest_route=\/wp\/v2\/posts\/27021","targetHints":{"allow":["GET"]}}],"collection":[{"href":"https:\/\/2horizontes.com\/index.php?rest_route=\/wp\/v2\/posts"}],"about":[{"href":"https:\/\/2horizontes.com\/index.php?rest_route=\/wp\/v2\/types\/post"}],"author":[{"embeddable":true,"href":"https:\/\/2horizontes.com\/index.php?rest_route=\/wp\/v2\/users\/7"}],"replies":[{"embeddable":true,"href":"https:\/\/2horizontes.com\/index.php?rest_route=%2Fwp%2Fv2%2Fcomments&post=27021"}],"version-history":[{"count":1,"href":"https:\/\/2horizontes.com\/index.php?rest_route=\/wp\/v2\/posts\/27021\/revisions"}],"predecessor-version":[{"id":27023,"href":"https:\/\/2horizontes.com\/index.php?rest_route=\/wp\/v2\/posts\/27021\/revisions\/27023"}],"wp:featuredmedia":[{"embeddable":true,"href":"https:\/\/2horizontes.com\/index.php?rest_route=\/wp\/v2\/media\/27022"}],"wp:attachment":[{"href":"https:\/\/2horizontes.com\/index.php?rest_route=%2Fwp%2Fv2%2Fmedia&parent=27021"}],"wp:term":[{"taxonomy":"category","embeddable":true,"href":"https:\/\/2horizontes.com\/index.php?rest_route=%2Fwp%2Fv2%2Fcategories&post=27021"},{"taxonomy":"post_tag","embeddable":true,"href":"https:\/\/2horizontes.com\/index.php?rest_route=%2Fwp%2Fv2%2Ftags&post=27021"}],"curies":[{"name":"wp","href":"https:\/\/api.w.org\/{rel}","templated":true}]}}