{"id":27006,"date":"2015-10-05T09:37:53","date_gmt":"2015-10-05T08:37:53","guid":{"rendered":"http:\/\/2horizontes.com\/?p=27006"},"modified":"2015-10-05T09:37:53","modified_gmt":"2015-10-05T08:37:53","slug":"guardia-costera-halla-salvavidas-de-barco-desaparecido-rumbo-a-puerto-rico","status":"publish","type":"post","link":"https:\/\/2horizontes.com\/?p=27006","title":{"rendered":"Guardia Costera halla salvavidas de barco desaparecido rumbo a Puerto Rico"},"content":{"rendered":"<div id=\"ArticleAuthorDiv\" class=\"article-body-author\"><b>EFE<\/b><\/div>\n<div id=\"ArticleSourceDiv\" class=\"article-body-author\"><b>Miami<\/b><\/div>\n<div id=\"ArticleBody\">\n<p>La Guardia Costera se\u00f1al\u00f3 ayer que los equipos de rescate hallaron un salvavidas que pertenece al buque carguero \u00abEl Faro\u00bb, desaparecido con 33 ocupantes desde el pasado jueves cuando entr\u00f3 en la zona de influencia del hurac\u00e1n Joaqu\u00edn, en el oriente de las islas Bahamas.<\/p>\n<p>El hallazgo se suma a otra serie de objetivos encontrados esta ma\u00f1ana por los guardacostas, entre ellos chalecos salvavidas y recipientes, los cuales sin embargo la instituci\u00f3n no ha confirmado que pertenecer\u00edan a la embarcaci\u00f3n desaparecida con 28 estadounidenses y 5 polacos a bordo.<\/p>\n<p>Seg\u00fan se\u00f1alaron en un comunicado, el salvavidas fue hallado a unos 190 kil\u00f3metros del noreste de la isla Crooked, en el archipi\u00e9lago de las Bahamas, que constituye la \u00faltima posici\u00f3n conocida de la embarcaci\u00f3n hasta que perdi\u00f3 comunicaci\u00f3n.<\/p>\n<p>Desde el pasado jueves, cuando se iniciaron las labores de b\u00fasqueda por v\u00eda a\u00e9rea y mar\u00edtima, los guardacostas han cubierto m\u00e1s de 77.000 kil\u00f3metros cuadrados, con apoyo de las Fuerza A\u00e9rea y la Armada estadounidense.<\/p>\n<p>El buque carguero \u00abEl Faro\u00bb, un buque de 224 metros de largo, parti\u00f3 el pasado 29 de septiembre desde la localidad de Jacksonville (Florida, EEUU) con destino a Puerto Rico, y desapareci\u00f3 el jueves tras entrar en la zona de influencia del hurac\u00e1n Joaqu\u00edn, en el noreste de la isla Crooked, en las Bahamas.<\/p>\n<p>La Guardia Costera se\u00f1al\u00f3 que desde las 7.00 de la ma\u00f1ana hora local del pasado jueves (11.00 GMT) personal en el centro de comando de la Guardia Costera, en Virginia, recibi\u00f3 una notificaci\u00f3n del sat\u00e9lite indicando que \u00abEl Faro\u00bb no pod\u00eda operar por el hurac\u00e1n.<\/p>\n<p>A las labores de b\u00fasqueda se ha sumado la naviera propietaria del barco, TOTE Maritime Puerto Rico, cuyo presidente Tim Nolan se\u00f1al\u00f3 ayer que la principal preocupaci\u00f3n de la naviera es \u00bb la seguridad y el bienestar de las 33 personas a bordo\u00bb.<\/p>\n<p>La Guardia Costera ya rescat\u00f3 esta semana a 12 marineros de un carguero de bandera boliviana que se hundi\u00f3 al noroeste de Hait\u00ed a consecuencia del hurac\u00e1n.<\/p>\n<p>El hurac\u00e1n Joaqu\u00edn pasar\u00e1 hoy sobre el oeste de las islas Bermudas, tras dejar cuantiosos da\u00f1os en viviendas e infraestructuras a su paso por las Bahamas, en donde seg\u00fan informaciones oficiales por el momento no se han registrado muertes confirmadas a causa del paso del cicl\u00f3n por el archipi\u00e9lago.<\/p>\n<\/div>\n","protected":false},"excerpt":{"rendered":"<p>EFE Miami La Guardia Costera se\u00f1al\u00f3 ayer que los equipos de rescate hallaron un salvavidas que pertenece al buque carguero \u00abEl Faro\u00bb, desaparecido con 33 ocupantes desde el pasado jueves cuando entr\u00f3 en la zona de influencia del hurac\u00e1n Joaqu\u00edn, en el oriente de las islas Bahamas. El hallazgo se suma a otra serie de [&hellip;]<\/p>\n","protected":false},"author":7,"featured_media":27007,"comment_status":"open","ping_status":"open","sticky":false,"template":"","format":"standard","meta":{"footnotes":""},"categories":[40],"tags":[],"class_list":["post-27006","post","type-post","status-publish","format-standard","has-post-thumbnail","hentry","category-internacionales"],"_links":{"self":[{"href":"https:\/\/2horizontes.com\/index.php?rest_route=\/wp\/v2\/posts\/27006","targetHints":{"allow":["GET"]}}],"collection":[{"href":"https:\/\/2horizontes.com\/index.php?rest_route=\/wp\/v2\/posts"}],"about":[{"href":"https:\/\/2horizontes.com\/index.php?rest_route=\/wp\/v2\/types\/post"}],"author":[{"embeddable":true,"href":"https:\/\/2horizontes.com\/index.php?rest_route=\/wp\/v2\/users\/7"}],"replies":[{"embeddable":true,"href":"https:\/\/2horizontes.com\/index.php?rest_route=%2Fwp%2Fv2%2Fcomments&post=27006"}],"version-history":[{"count":1,"href":"https:\/\/2horizontes.com\/index.php?rest_route=\/wp\/v2\/posts\/27006\/revisions"}],"predecessor-version":[{"id":27008,"href":"https:\/\/2horizontes.com\/index.php?rest_route=\/wp\/v2\/posts\/27006\/revisions\/27008"}],"wp:featuredmedia":[{"embeddable":true,"href":"https:\/\/2horizontes.com\/index.php?rest_route=\/wp\/v2\/media\/27007"}],"wp:attachment":[{"href":"https:\/\/2horizontes.com\/index.php?rest_route=%2Fwp%2Fv2%2Fmedia&parent=27006"}],"wp:term":[{"taxonomy":"category","embeddable":true,"href":"https:\/\/2horizontes.com\/index.php?rest_route=%2Fwp%2Fv2%2Fcategories&post=27006"},{"taxonomy":"post_tag","embeddable":true,"href":"https:\/\/2horizontes.com\/index.php?rest_route=%2Fwp%2Fv2%2Ftags&post=27006"}],"curies":[{"name":"wp","href":"https:\/\/api.w.org\/{rel}","templated":true}]}}