{"id":26953,"date":"2015-10-03T16:59:04","date_gmt":"2015-10-03T15:59:04","guid":{"rendered":"http:\/\/2horizontes.com\/?p=26953"},"modified":"2015-10-03T16:59:04","modified_gmt":"2015-10-03T15:59:04","slug":"colombia-y-venezuela-acuerdan-tres-reuniones-mas-para-seguridad-fronteriza","status":"publish","type":"post","link":"https:\/\/2horizontes.com\/?p=26953","title":{"rendered":"Colombia y Venezuela acuerdan tres reuniones m\u00e1s para seguridad fronteriza"},"content":{"rendered":"<p class=\"mce\">Colombia y Venezuela acordaron hoy, viernes 2 de octubre de 2015, en la ciudad colombiana de Santa Marta realizar tres reuniones m\u00e1s este mes para seguir tratando aspectos relacionados con la seguridad fronteriza, informaron los ministros de Defensa en un comunicado conjunto.<\/p>\n<p class=\"mce\">Una de esas citas se realizar\u00e1 el pr\u00f3ximo <em class=\"mce\">8 de octubre en la localidad venezolana de Paraguaipoa<\/em> \u00abentre las unidades militares y policiales\u00bb que tienen jurisdicci\u00f3n en el departamento colombiano de La Guajira y el estado Zulia, de Venezuela, para \u00abcoordinaci\u00f3n operacional contra todas las amenazas y factores de riesgo existentes\u00bb, seg\u00fan la declaraci\u00f3n entregada a la prensa.<\/p>\n<p class=\"mce\">La determinaci\u00f3n se tom\u00f3 durante la reuni\u00f3n que los <strong class=\"mce\">ministros de Defensa de Colombia<\/strong>, <strong class=\"mce\">Luis Carlos Villegas<\/strong>, y de <strong class=\"mce\">Venezuela, general Vladimir Padrino<\/strong> L\u00f3pez, mantuvieron hoy en la Quinta de San Pedro Alejandrino, en Santa Marta, a la que <em class=\"mce\">tambi\u00e9n asistieron los embajadores de Ecuador, Ra\u00fal Vallejo y de Uruguay, Duncan Croci<\/em>.<\/p>\n<p class=\"mce\">Ecuador y Uruguay, pa\u00edses que tienen respectivamente la presidencia de la <strong class=\"mce\">Comunidad de Estados Latinoamericanos y Caribe\u00f1os (Celac)<\/strong> y de la <strong class=\"mce\">Uni\u00f3n de Naciones Suramericanas (Unasur)<\/strong>, hacen de mediadores en la crisis fronteriza entre Colombia y Venezuela que comenz\u00f3 el pasado 19 de agosto.<\/p>\n<p class=\"mce\">Los dos ministros tambi\u00e9n acordaron realizar en la semana que va del <em class=\"mce\">5 al 9 de octubre en Maracaibo<\/em> (Venezuela) una reuni\u00f3n entre las Armadas de ambos pa\u00edses \u00abpara evaluar las propuestas de cooperaci\u00f3n mar\u00edtima y fluvial para la lucha contra el narcotr\u00e1fico y concretar un instrumento binacional\u00bb.<\/p>\n<div class=\"inset-R-w7\">\n<aside class=\"inset-mce-aux\">\n<h2 class=\"label\">Avanzan negociaciones<\/h2>\n<p>Los ministros de Defensa Luis Carlos Villegas, de Colombia, y el general Vladimir Padrino, de Venezuela, relanzaron hoy los programas contra el crimen organizado en la frontera durante una reuni\u00f3n en el puerto colombiano de Santa Marta. \u00abEn materia de defensa y seguridad la comunicaci\u00f3n se ha restablecido plenamente\u00bb entre Bogot\u00e1 y Caracas, asegur\u00f3 Villegas al t\u00e9rmino del encuentro.<\/p>\n<\/aside>\n<\/div>\n<p class=\"mce\">La tercera cita se llevar\u00e1 a cabo <em class=\"mce\">en Bogot\u00e1 entre el 19 y el 20 de octubre<\/em> para revisar \u00abel Procedimiento Operacional Vigente (POV) entre la Fuerza A\u00e9rea Colombiana y la Aviaci\u00f3n Militar Bolivariana\u00bb.<\/p>\n<p class=\"mce\">El documento de nueve puntos tambi\u00e9n se\u00f1ala que se establecer\u00e1 un canal de comunicaci\u00f3n directo entre las Armadas de Colombia y Venezuela para \u00abintercambiar informaci\u00f3n en materia de interdicci\u00f3n mar\u00edtima y fluvial\u00bb.<\/p>\n<p class=\"mce\">Los dos gobiernos tambi\u00e9n realizar\u00e1n una evaluaci\u00f3n de las consecuencias medioambientales de la actividad ilegal en la frontera y propondr\u00e1n mecanismos de mitigaci\u00f3n.<\/p>\n<p class=\"mce\">El comunicado tambi\u00e9n asegur\u00f3 en que el encuentro los ministros Villegas y Padrino reiteraron <em class=\"mce\">\u00absu firme decisi\u00f3n de continuar trabajando en el fortalecimiento de las relaciones bilaterales en seguridad y defensa\u00bb.\u00a0Igualmente, buscar\u00e1n aumentar la presencia de las Fuerzas Armadas, en los pasos informales a los largo de la frontera que se extiende por 2 mil 219 kil\u00f3metros \u00abpara el trabajo coordinado en la lucha contra el contrabando, previa identificaci\u00f3n conjunta\u00bb<\/em>.<\/p>\n<p class=\"mce\">De otro lado, <strong class=\"mce\">Colombia recomend\u00f3 la reactivaci\u00f3n de la Comisi\u00f3n Binacional Fronteriza (Combifron)<\/strong> \u00abdebido a los logros del mecanismo\u00bb en el pasado.\u00a0<em class=\"mce\"> Adem\u00e1s, Padrino y Villegas acordaron poner a consideraci\u00f3n de los cancilleres \u00abla pronta firma\u00bb del Memorando de Entendimiento para la prevenci\u00f3n y verificaci\u00f3n de Incidentes Fronterizos y el de Entendimiento mediante el cual se establece un mecanismo para la lucha contra la miner\u00eda ilegal en zona de frontera<\/em>.<\/p>\n<p class=\"mce\">Colombia y Venezuela han iniciado acercamientos para superar la crisis que se desat\u00f3 en la frontera despu\u00e9s de que el presidente venezolano, Nicol\u00e1s Maduro, ordenara el cierre del principal paso en la frontera com\u00fan, con el argumento de combatir el contrabando y el paramilitarismo.<\/p>\n<p class=\"mce\">La medida fue seguida de la expulsi\u00f3n de m\u00e1s de un millar de colombianos del vecino pa\u00eds la salida de otros miles por temor a sufrir represalias, as\u00ed como la declaraci\u00f3n del estado de excepci\u00f3n en varios puntos del territorio venezolano y el cierre de los dem\u00e1s cruces de frontera.<\/p>\n<p class=\"mce\">Los presidentes de Colombia, Juan Manuel Santos, y de Venezuela, Nicol\u00e1s Maduro, acordaron hace 11 d\u00edas en Quito el retorno inmediato de sus respectivos embajadores y el inicio de conversaciones para conseguir una normalizaci\u00f3n progresiva delas actividades en la frontera.<\/p>\n<p class=\"mce\">F. Prensa.com<\/p>\n","protected":false},"excerpt":{"rendered":"<p>Colombia y Venezuela acordaron hoy, viernes 2 de octubre de 2015, en la ciudad colombiana de Santa Marta realizar tres reuniones m\u00e1s este mes para seguir tratando aspectos relacionados con la seguridad fronteriza, informaron los ministros de Defensa en un comunicado conjunto. Una de esas citas se realizar\u00e1 el pr\u00f3ximo 8 de octubre en la [&hellip;]<\/p>\n","protected":false},"author":7,"featured_media":26954,"comment_status":"open","ping_status":"open","sticky":false,"template":"","format":"standard","meta":{"footnotes":""},"categories":[50,54,40,43,48],"tags":[],"class_list":["post-26953","post","type-post","status-publish","format-standard","has-post-thumbnail","hentry","category-colombia","category-emigrantes","category-internacionales","category-politica","category-venezuela"],"_links":{"self":[{"href":"https:\/\/2horizontes.com\/index.php?rest_route=\/wp\/v2\/posts\/26953","targetHints":{"allow":["GET"]}}],"collection":[{"href":"https:\/\/2horizontes.com\/index.php?rest_route=\/wp\/v2\/posts"}],"about":[{"href":"https:\/\/2horizontes.com\/index.php?rest_route=\/wp\/v2\/types\/post"}],"author":[{"embeddable":true,"href":"https:\/\/2horizontes.com\/index.php?rest_route=\/wp\/v2\/users\/7"}],"replies":[{"embeddable":true,"href":"https:\/\/2horizontes.com\/index.php?rest_route=%2Fwp%2Fv2%2Fcomments&post=26953"}],"version-history":[{"count":1,"href":"https:\/\/2horizontes.com\/index.php?rest_route=\/wp\/v2\/posts\/26953\/revisions"}],"predecessor-version":[{"id":26955,"href":"https:\/\/2horizontes.com\/index.php?rest_route=\/wp\/v2\/posts\/26953\/revisions\/26955"}],"wp:featuredmedia":[{"embeddable":true,"href":"https:\/\/2horizontes.com\/index.php?rest_route=\/wp\/v2\/media\/26954"}],"wp:attachment":[{"href":"https:\/\/2horizontes.com\/index.php?rest_route=%2Fwp%2Fv2%2Fmedia&parent=26953"}],"wp:term":[{"taxonomy":"category","embeddable":true,"href":"https:\/\/2horizontes.com\/index.php?rest_route=%2Fwp%2Fv2%2Fcategories&post=26953"},{"taxonomy":"post_tag","embeddable":true,"href":"https:\/\/2horizontes.com\/index.php?rest_route=%2Fwp%2Fv2%2Ftags&post=26953"}],"curies":[{"name":"wp","href":"https:\/\/api.w.org\/{rel}","templated":true}]}}