{"id":26947,"date":"2015-10-03T16:46:39","date_gmt":"2015-10-03T15:46:39","guid":{"rendered":"http:\/\/2horizontes.com\/?p=26947"},"modified":"2015-10-03T16:46:39","modified_gmt":"2015-10-03T15:46:39","slug":"rousseff-reforma-gabinete-para-luchar-contra-la-crisis","status":"publish","type":"post","link":"https:\/\/2horizontes.com\/?p=26947","title":{"rendered":"Rousseff reforma Gabinete para luchar contra la crisis"},"content":{"rendered":"<p>EFE \/Brasilia<\/p>\n<p>La presidenta brasile\u00f1a, Dilma Rousseff, anunci\u00f3\u00a0 ayer\u00a0 una amplia reforma a su Gabinete que prev\u00e9 la reducci\u00f3n desde 39 hasta 31 en el n\u00famero de ministerios y una mayor participaci\u00f3n del Partido del Movimiento Democr\u00e1tico Brasile\u00f1o (PMDB), de centro-derecha y mayor fuerza electoral del pa\u00eds.<\/p>\n<p>\u00abSabemos que existen dificultades que tienen que ser superadas para que la econom\u00eda del pa\u00eds vuelva a crecer, pero para eso necesitamos estabilidad pol\u00edtica y ese tambi\u00e9n es el prop\u00f3sito de esta reforma\u201d, asegur\u00f3 la Mandataria en un pronunciamiento en la Presidencia al justificar su mayor acercamiento al PMDB.<\/p>\n<p>La jefe de Estado explic\u00f3 que, adem\u00e1s de mejorar la eficacia de la gesti\u00f3n y reducir gastos p\u00fablicos, la reforma garantizar\u00e1 una \u00abmayor\u00eda m\u00e1s estable\u201d del Gobierno en el Congreso, la \u00abgobernabilidad\u201d y la consecuente aprobaci\u00f3n de las leyes y proyectos necesarios para superar la crisis econ\u00f3mica.<\/p>\n<p>Seg\u00fan reconocen l\u00edderes de la oposici\u00f3n, Rousseff necesita del apoyo en bloque del PMDB para aprobar el ajuste fiscal que impulsa, con miras a superar la actual crisis pol\u00edtica y evitar que el Parlamento le abra un juicio pol\u00edtico con fines de destituci\u00f3n, como piden algunos sectores.<\/p>\n<p>Con la reforma, el PMDB, principal aliado del oficialista Partido de los Trabajadores (PT) en el Gobierno, aumenta desde seis hasta siete su n\u00famero de ministerios, aunque ahora tendr\u00e1 bajo su control carteras m\u00e1s importantes y con mayor presupuesto, como la de Salud.<\/p>\n<p>El PMDB ejerce la mayor\u00eda de los gobiernos regionales y municipales y tiene las principales minor\u00edas en el Senado y en la C\u00e1mara de Diputados, as\u00ed como la presidencia de ambas c\u00e1maras, por lo que tiene gran poder en todas las decisiones del Legislativo.<\/p>\n<p>El PT, la formaci\u00f3n en el poder en Brasil desde 2003, primero con Luiz In\u00e1cio Lula da Silva y ahora con Rousseff, contin\u00faa siendo, con nueve ministerios, el partido con mayor presencia en el Gabinete. El Partido Laborista Brasile\u00f1o (PTB), que hab\u00eda amenazado con abandonar la coalici\u00f3n oficialista, ahora tiene dos miembros en el Gabinete y el Partido Democr\u00e1tico Laborista (PDT), en el que tambi\u00e9n surgieron algunos disidentes, mantiene un ministerio.<\/p>\n<p>Los otros cuatro partidos que apoyan al Gobierno se quedaron con un ministerio cada uno: el Republicano Brasile\u00f1o (PRB), el Progresista (PP), el Comunista de Brasil (PCdoB) y el Social Democr\u00e1tico (PSD). \u00abEstamos construyendo una coalici\u00f3n m\u00e1s equilibrada\u201d, afirm\u00f3 la Mandataria brasile\u00f1a.<\/p>\n<p>&nbsp;<\/p>\n<p>Corrupci\u00f3n Brasil<\/p>\n<p>Protesta\u00a0 Trabajadores de la estatal brasile\u00f1a\u00a0 iniciaron\u00a0 un movimiento de protesta que incluy\u00f3 paros y atrasos en las actividades de algunas unidades operativas de la compa\u00f1\u00eda, ante lo que califican el inicio de la privatizaci\u00f3n de la petrolera.<\/p>\n<p>Lula Un exministro del expresidente brasile\u00f1o Luiz In\u00e1cio Lula da Silva afirm\u00f3 en un correo electr\u00f3nico interceptado por la Polic\u00eda que el ex jefe del Estado \u00abhizo lobby\u201d para la constructora Odebrecht.<\/p>\n<p>Juez\u00a0 El juez federal brasile\u00f1o Sergio Moro, responsable por la conducci\u00f3n del caso Petrobras, advirti\u00f3 que algunos procesos de esa investigaci\u00f3n pueden prescribir.<\/p>\n","protected":false},"excerpt":{"rendered":"<p>EFE \/Brasilia La presidenta brasile\u00f1a, Dilma Rousseff, anunci\u00f3\u00a0 ayer\u00a0 una amplia reforma a su Gabinete que prev\u00e9 la reducci\u00f3n desde 39 hasta 31 en el n\u00famero de ministerios y una mayor participaci\u00f3n del Partido del Movimiento Democr\u00e1tico Brasile\u00f1o (PMDB), de centro-derecha y mayor fuerza electoral del pa\u00eds. \u00abSabemos que existen dificultades que tienen que ser [&hellip;]<\/p>\n","protected":false},"author":7,"featured_media":26948,"comment_status":"open","ping_status":"open","sticky":false,"template":"","format":"standard","meta":{"footnotes":""},"categories":[63,40,43],"tags":[],"class_list":["post-26947","post","type-post","status-publish","format-standard","has-post-thumbnail","hentry","category-economia","category-internacionales","category-politica"],"_links":{"self":[{"href":"https:\/\/2horizontes.com\/index.php?rest_route=\/wp\/v2\/posts\/26947","targetHints":{"allow":["GET"]}}],"collection":[{"href":"https:\/\/2horizontes.com\/index.php?rest_route=\/wp\/v2\/posts"}],"about":[{"href":"https:\/\/2horizontes.com\/index.php?rest_route=\/wp\/v2\/types\/post"}],"author":[{"embeddable":true,"href":"https:\/\/2horizontes.com\/index.php?rest_route=\/wp\/v2\/users\/7"}],"replies":[{"embeddable":true,"href":"https:\/\/2horizontes.com\/index.php?rest_route=%2Fwp%2Fv2%2Fcomments&post=26947"}],"version-history":[{"count":1,"href":"https:\/\/2horizontes.com\/index.php?rest_route=\/wp\/v2\/posts\/26947\/revisions"}],"predecessor-version":[{"id":26949,"href":"https:\/\/2horizontes.com\/index.php?rest_route=\/wp\/v2\/posts\/26947\/revisions\/26949"}],"wp:featuredmedia":[{"embeddable":true,"href":"https:\/\/2horizontes.com\/index.php?rest_route=\/wp\/v2\/media\/26948"}],"wp:attachment":[{"href":"https:\/\/2horizontes.com\/index.php?rest_route=%2Fwp%2Fv2%2Fmedia&parent=26947"}],"wp:term":[{"taxonomy":"category","embeddable":true,"href":"https:\/\/2horizontes.com\/index.php?rest_route=%2Fwp%2Fv2%2Fcategories&post=26947"},{"taxonomy":"post_tag","embeddable":true,"href":"https:\/\/2horizontes.com\/index.php?rest_route=%2Fwp%2Fv2%2Ftags&post=26947"}],"curies":[{"name":"wp","href":"https:\/\/api.w.org\/{rel}","templated":true}]}}