{"id":26944,"date":"2015-10-03T16:39:17","date_gmt":"2015-10-03T15:39:17","guid":{"rendered":"http:\/\/2horizontes.com\/?p=26944"},"modified":"2015-10-03T16:39:17","modified_gmt":"2015-10-03T15:39:17","slug":"manifestacion-en-mexico-concluye-con-enfrentamiento-entre-policias-y-encapuchados","status":"publish","type":"post","link":"https:\/\/2horizontes.com\/?p=26944","title":{"rendered":"Manifestaci\u00f3n en M\u00e9xico concluye con enfrentamiento entre polic\u00edas y encapuchados"},"content":{"rendered":"<div id=\"ArticleAuthorDiv\" class=\"article-body-author\"><b>AFP<\/b><\/div>\n<div id=\"ArticleSourceDiv\" class=\"article-body-author\"><b>M\u00e9xico<\/b><\/div>\n<div id=\"ArticleBody\">\n<p>Una multitudinaria manifestaci\u00f3n para recordar el viernes a estudiantes masacrados en 1968 en M\u00e9xico concluy\u00f3 en un enfrentamiento entre grupos de encapuchados y polic\u00edas frente al Palacio Nacional en la emblem\u00e1tica plaza del Z\u00f3calo en la capital mexicana.<\/p>\n<p>Varios miles de personas participaban en un mit\u00edn en el Z\u00f3calo cuando grupos de personas con el rostro cubierto, identificados como \u00abanarquistas\u00bb, empezaron a lanzar objetos diversos, piedras y bombas incendiarias contra polic\u00edas federales que resguardan el Palacio Nacional, sede del poder Ejecutivo mexicano.<\/p>\n<p>Los encapuchados, unos 300 distribuidos en peque\u00f1os grupos, prendieron fuego en las cercan\u00edas de una de las puertas de madera del Palacio Nacional, localizado en uno de los costados del Z\u00f3calo, lo que condujo a un nutrido despliegue de polic\u00edas federales.<\/p>\n<p>Los uniformados avanzaban en l\u00ednea con sus escudos para repeler a los encapuchados y otros lanzaban gases lacrim\u00f3genos, mientras que el grueso de los manifestantes se manten\u00eda al margen de los disturbios y con un altavoz se llamaba a la calma.<\/p>\n<p>\u00abNo se estresen, no corran, v\u00e1yanse en orden\u00bb, dec\u00eda un hombre con un micr\u00f3fono mientras numerosas personas sal\u00edan corriendo y otras trataban de protegerse de los gases tap\u00e1ndose la boca y la nariz con sus ropas.<\/p>\n<p>Los polic\u00edas federales fueron desplegaron por cientos sobre parte del Z\u00f3calo para dispersar a los encapuchados que no cesaban de arrojarles objetos, incluso partes del pavimento que arrancaron con picos.<\/p>\n<p>\u00abRespetamos sus derechos humanos y su derecho a expresarse siempre y cuando respeten el orden p\u00fablico\u00bb, proclam\u00f3 por su parte un polic\u00eda con un altavoz en medio de los disturbios, que se prolongaron por m\u00e1s de una hora.<\/p>\n<p>Luego de que los federales consiguieron dispersar del Z\u00f3calo a los encapuchados, antimotines de la polic\u00eda de Ciudad de M\u00e9xico armados con escudos intervinieron en calles aleda\u00f1as para terminar de replegarlos hacia una amplia avenida a un costado del Palacio de las Bellas Artes, donde finalmente paulatinamente se dispers\u00f3 la protesta.<\/p>\n<p>En el momento de los disturbios, polic\u00edas detuvieron de manera preventiva a algunas encapuchados, pero posteriormente fueron liberados, dijo a la televisora Milenio Patricia Mercado, secretar\u00eda de gobierno de la capital.<\/p>\n<p>En la refriega no se registraron heridos pero s\u00ed varias personas \u00abfueron atendidas sobre todo por ardor en los ojos\u00bb, a\u00f1adi\u00f3 Mercado.<\/p>\n<p>La marcha comenz\u00f3 alrededor de las 17H00 horas locales (22H00 GMT) en el barrio de Tlatelolco con m\u00e1s de 15.000 personas, en su mayor\u00eda estudiantes, y transcurri\u00f3 incidentes hasta arribar al Z\u00f3calo, donde se ten\u00eda previsto un mitin, mismo que no se realiz\u00f3 por los disturbios.<\/p>\n<p>Esta manifestaci\u00f3n record\u00f3 a los estudiantes ca\u00eddos el 2 de octubre de 1968, a 10 d\u00edas de los Juegos Ol\u00edmpicos, en una intervenci\u00f3n militar cuando los j\u00f3venes realizaban un mitin en la Plaza de las Tres Culturas, en el barrio de Tlatelolco, en reclamo de una apertura democr\u00e1tica en M\u00e9xico, entre otros pedidos.<\/p>\n<p>Seg\u00fan la versi\u00f3n oficial, unos 40 estudiantes murieron en la Plaza de las Tres Culturas aunque organizaciones civiles sostienen que la cifra fue superior.<\/p>\n<p>La matanza qued\u00f3 impune pese a reclamos e intentos en tribunales para juzgar a Luis Echeverr\u00eda, entonces ministro de Gobernaci\u00f3n (Interior) y que despu\u00e9s fue presidente entre 1970 y 1976.<\/p>\n<p>En esta marcha del viernes tambi\u00e9n se protest\u00f3 por la desaparici\u00f3n de 43 estudiantes de la escuela normal de maestros de Ayotzinapa, en septiembre de 2014 en Guerrero (sur).<\/p>\n<p>Los 43 estudiantes desaparecieron la noche del 26 de septiembre luego de que tomaron por la fuerza autobuses de pasajeros para sus movilizaciones pol\u00edticas, entre ellas la marcha del 2 de octubre en la capital.<\/p>\n<p>Los 43 estudiantes de Ayotzinapa fueron atacados la noche del 26 de septiembre de 2014 por polic\u00edas de Iguala (sur) y entregados a integrantes del crimen organizado, que, seg\u00fan la versi\u00f3n oficial, los habr\u00edan asesinado e incinerado.<\/p>\n<\/div>\n","protected":false},"excerpt":{"rendered":"<p>AFP M\u00e9xico Una multitudinaria manifestaci\u00f3n para recordar el viernes a estudiantes masacrados en 1968 en M\u00e9xico concluy\u00f3 en un enfrentamiento entre grupos de encapuchados y polic\u00edas frente al Palacio Nacional en la emblem\u00e1tica plaza del Z\u00f3calo en la capital mexicana. Varios miles de personas participaban en un mit\u00edn en el Z\u00f3calo cuando grupos de personas [&hellip;]<\/p>\n","protected":false},"author":7,"featured_media":26945,"comment_status":"open","ping_status":"open","sticky":false,"template":"","format":"standard","meta":{"footnotes":""},"categories":[40],"tags":[],"class_list":["post-26944","post","type-post","status-publish","format-standard","has-post-thumbnail","hentry","category-internacionales"],"_links":{"self":[{"href":"https:\/\/2horizontes.com\/index.php?rest_route=\/wp\/v2\/posts\/26944","targetHints":{"allow":["GET"]}}],"collection":[{"href":"https:\/\/2horizontes.com\/index.php?rest_route=\/wp\/v2\/posts"}],"about":[{"href":"https:\/\/2horizontes.com\/index.php?rest_route=\/wp\/v2\/types\/post"}],"author":[{"embeddable":true,"href":"https:\/\/2horizontes.com\/index.php?rest_route=\/wp\/v2\/users\/7"}],"replies":[{"embeddable":true,"href":"https:\/\/2horizontes.com\/index.php?rest_route=%2Fwp%2Fv2%2Fcomments&post=26944"}],"version-history":[{"count":1,"href":"https:\/\/2horizontes.com\/index.php?rest_route=\/wp\/v2\/posts\/26944\/revisions"}],"predecessor-version":[{"id":26946,"href":"https:\/\/2horizontes.com\/index.php?rest_route=\/wp\/v2\/posts\/26944\/revisions\/26946"}],"wp:featuredmedia":[{"embeddable":true,"href":"https:\/\/2horizontes.com\/index.php?rest_route=\/wp\/v2\/media\/26945"}],"wp:attachment":[{"href":"https:\/\/2horizontes.com\/index.php?rest_route=%2Fwp%2Fv2%2Fmedia&parent=26944"}],"wp:term":[{"taxonomy":"category","embeddable":true,"href":"https:\/\/2horizontes.com\/index.php?rest_route=%2Fwp%2Fv2%2Fcategories&post=26944"},{"taxonomy":"post_tag","embeddable":true,"href":"https:\/\/2horizontes.com\/index.php?rest_route=%2Fwp%2Fv2%2Ftags&post=26944"}],"curies":[{"name":"wp","href":"https:\/\/api.w.org\/{rel}","templated":true}]}}