{"id":26918,"date":"2015-10-03T17:45:59","date_gmt":"2015-10-03T16:45:59","guid":{"rendered":"http:\/\/2horizontes.com\/?p=26918"},"modified":"2015-10-03T18:07:47","modified_gmt":"2015-10-03T17:07:47","slug":"juez-atencion-permanente-dicta-tres-meses-medida-coercion-contra-hombre-tras-violar-sus-tres-hijastra-menores-de-edad","status":"publish","type":"post","link":"https:\/\/2horizontes.com\/?p=26918","title":{"rendered":"Dictan tres meses de prisi\u00f3n a hombre acusado de violar tres hijastras en SC"},"content":{"rendered":"<div>SAN CRIST\u00d3BAL.- REPUBLICA DOMINICANA-El juez de la Atenci\u00f3n Permanente, Jos\u00e9 Eusebio P\u00e9rez Medina, dicto\u00a0tres meses de medidas de coerci\u00f3n contra, F\u00e9lix Alberto Ram\u00edrez Disla, de 35 a\u00f1os, acusado de violar tres hijastras, de 10, 11 y 13 a\u00f1os de edad respectivamente.<\/div>\n<div>La Procuradora fiscal adjunta de la Unidad de Atenci\u00f3n y Victima de G\u00e9nero y Delitos \u00a0Sexuales, Rosa Julia del Pozo, dijo que se le instrumento un expediente al acusado luego una profunda investigaci\u00f3n de los hechos.<\/div>\n<div>As\u00ed mismo manifest\u00f3, que Ram\u00edrez Disla abusaba de las menores hijas de su esposa, bajo amenaza de muerte.<\/div>\n<div>El hecho ocurri\u00f3 en la comunidad de Sainagua, \u00a0de la provincia de San Cristobal, donde el acusado conviv\u00eda con la madre de las menores, quien radico la querella en contra de su esposo.<\/div>\n<div>El acusado , \u00a0fue apresado en atenci\u00f3n a la orden n\u00famero 3456-2015, cuando se encontraba frente al Centro Cl\u00ednico Constituci\u00f3n de la referida provincia, por miembros de Investigaci\u00f3n de Homicidios de la Polic\u00eda Nacional.<\/div>\n<p>&nbsp;<\/p>\n","protected":false},"excerpt":{"rendered":"<p>SAN CRIST\u00d3BAL.- REPUBLICA DOMINICANA-El juez de la Atenci\u00f3n Permanente, Jos\u00e9 Eusebio P\u00e9rez Medina, dicto\u00a0tres meses de medidas de coerci\u00f3n contra, F\u00e9lix Alberto Ram\u00edrez Disla, de 35 a\u00f1os, acusado de violar tres hijastras, de 10, 11 y 13 a\u00f1os de edad respectivamente. La Procuradora fiscal adjunta de la Unidad de Atenci\u00f3n y Victima de G\u00e9nero y [&hellip;]<\/p>\n","protected":false},"author":9,"featured_media":26919,"comment_status":"open","ping_status":"open","sticky":false,"template":"","format":"standard","meta":{"footnotes":""},"categories":[53,44],"tags":[],"class_list":["post-26918","post","type-post","status-publish","format-standard","has-post-thumbnail","hentry","category-provincias","category-republica-dominicana"],"_links":{"self":[{"href":"https:\/\/2horizontes.com\/index.php?rest_route=\/wp\/v2\/posts\/26918","targetHints":{"allow":["GET"]}}],"collection":[{"href":"https:\/\/2horizontes.com\/index.php?rest_route=\/wp\/v2\/posts"}],"about":[{"href":"https:\/\/2horizontes.com\/index.php?rest_route=\/wp\/v2\/types\/post"}],"author":[{"embeddable":true,"href":"https:\/\/2horizontes.com\/index.php?rest_route=\/wp\/v2\/users\/9"}],"replies":[{"embeddable":true,"href":"https:\/\/2horizontes.com\/index.php?rest_route=%2Fwp%2Fv2%2Fcomments&post=26918"}],"version-history":[{"count":2,"href":"https:\/\/2horizontes.com\/index.php?rest_route=\/wp\/v2\/posts\/26918\/revisions"}],"predecessor-version":[{"id":26962,"href":"https:\/\/2horizontes.com\/index.php?rest_route=\/wp\/v2\/posts\/26918\/revisions\/26962"}],"wp:featuredmedia":[{"embeddable":true,"href":"https:\/\/2horizontes.com\/index.php?rest_route=\/wp\/v2\/media\/26919"}],"wp:attachment":[{"href":"https:\/\/2horizontes.com\/index.php?rest_route=%2Fwp%2Fv2%2Fmedia&parent=26918"}],"wp:term":[{"taxonomy":"category","embeddable":true,"href":"https:\/\/2horizontes.com\/index.php?rest_route=%2Fwp%2Fv2%2Fcategories&post=26918"},{"taxonomy":"post_tag","embeddable":true,"href":"https:\/\/2horizontes.com\/index.php?rest_route=%2Fwp%2Fv2%2Ftags&post=26918"}],"curies":[{"name":"wp","href":"https:\/\/api.w.org\/{rel}","templated":true}]}}