{"id":26911,"date":"2015-10-02T22:26:26","date_gmt":"2015-10-02T21:26:26","guid":{"rendered":"http:\/\/2horizontes.com\/?p=26911"},"modified":"2015-10-02T22:26:26","modified_gmt":"2015-10-02T21:26:26","slug":"minneapolis-dominicana-perticipara-en-la-conferencia","status":"publish","type":"post","link":"https:\/\/2horizontes.com\/?p=26911","title":{"rendered":"MINNEAPOLIS Dominicana perticipar\u00e1 en la conferencia"},"content":{"rendered":"<p align=\"JUSTIFY\">RD-SANTO DOMINGO -Una dominicana ha sido invitada como panelista en la Conferencia Bienal de la ICMIF, que re\u00fane a los m\u00e1s influyentes l\u00edderes mundiales del sector seguros y que se celebrar\u00e1 en Minneapolis, Estadosd Unidos.<\/p>\n<p>Se trata de Ruth Soto, gerente general de CoopSeguros, quien inform\u00f3 que la Conferencia \u201ces una actividad sin paralelo, ya que es el \u00fanico evento en el que puede escuchar y establecer contactos con los formuladores de las pol\u00edticas que est\u00e1n moldeando el futuro de nuestro sector\u201d.<\/p>\n<p>\u201cAdem\u00e1s, se tendr\u00e1 la oportunidad de aprender de los l\u00edderes de las mejores aseguradoras cooperativas y mutualistas del mundo\u201d, indic\u00f3.<\/p>\n<p>En la Conferencia Bienal de la ICMIF se muestra c\u00f3mo las organizaciones miembro m\u00e1s exitosas van m\u00e1s all\u00e1 de lo que se espera tradicionalmente de una aseguradora.<\/p>\n<p>Los asistentes aprender\u00e1n de las aseguradoras cooperativas y mutuales que ponen a su cliente\/miembro en el centro de la toma de decisiones; desde la suscripci\u00f3n, el desarrollo de productos y las inversiones, hasta las ventas, servicio y reclamaciones; y, a cambio, aumentan su cuota de mercado. (Es esto lo que Michael llama la revoluci\u00f3n de la Mercadotecnia).<\/p>\n<p>Asimismo, los inspirar\u00e1n los l\u00edderes de las cooperativas y mutuales que tambi\u00e9n se hacen responsables por nuestro planeta al apoyar a las comunidades, trabajar para mitigar el cambio clim\u00e1tico y reducir la pobreza. Descubra c\u00f3mo motivan a su personal, a sus clientes y a otras partes interesadas para que tomen acciones para que este mundo sea un lugar m\u00e1s seguro y sostenible.<\/p>\n<p>La Conferencia de la ICMIF de 2015 se\u00f1ala la llegada de un nuevo cap\u00edtulo para las aseguradoras cooperativas\/mutuas, que ahora suben al escenario internacional para influenciar el futuro de nuestros sistemas financieros y nuestro mundo natural.<\/p>\n<p>La Conferencia da vida a la relevancia y la importancia de la colaboraci\u00f3n de ICMIF con las organizaciones de primera l\u00ednea tales las Naciones Unidas en cuestiones de resiliencia, cambio clim\u00e1tico, y sostenibilidad financiera. Nuestro liderazgo visible nos ha llevado al primer plan de las discusiones globales y a la formulaci\u00f3n de pol\u00edticas que cambiar\u00e1n la imagen de los seguros y proteger\u00e1n a nuestro planeta.<\/p>\n<p>Tambi\u00e9n centra la atenci\u00f3n en las innovaciones que diferencian los miembros de ICMIF de sus competidores. Los valores cooperativos\/mutuales se combinan con los seguros del siglo XXI para atender a las expectativas de la Generaci\u00f3n Y, para afrontar y mitigar las p\u00e9rdidas importantes, y para hacer frente a los riesgos emergentes.<\/p>\n<p>A la Conferencia asistir\u00e1n socios externos de alto perfil que colaboran en el trabajo influyente de ICMIF, y organizaciones externas seleccionadas que contribuyen a nuestra inteligencia empresarial.<\/p>\n<p>La agenda incluye sesiones en grupos, donde los delegados podr\u00e1n escoger entre t\u00f3picos en los cuatro idiomas de la conferencia, seg\u00fan sus propias necesidades e intereses.<\/p>\n<p>Gracias a las oportunidades adicionales de establecer contactos durante el programa de la conferencia, incluyendo eventos sociales y nocturnos, se puede garantizar que su visita a la Conferencia ICMIF tendr\u00e1 un valor excepcional para ustedes y para su organizaci\u00f3n.<\/p>\n","protected":false},"excerpt":{"rendered":"<p>RD-SANTO DOMINGO -Una dominicana ha sido invitada como panelista en la Conferencia Bienal de la ICMIF, que re\u00fane a los m\u00e1s influyentes l\u00edderes mundiales del sector seguros y que se celebrar\u00e1 en Minneapolis, Estadosd Unidos. Se trata de Ruth Soto, gerente general de CoopSeguros, quien inform\u00f3 que la Conferencia \u201ces una actividad sin paralelo, ya [&hellip;]<\/p>\n","protected":false},"author":8,"featured_media":26912,"comment_status":"open","ping_status":"open","sticky":false,"template":"","format":"standard","meta":{"footnotes":""},"categories":[1,40,44],"tags":[],"class_list":["post-26911","post","type-post","status-publish","format-standard","has-post-thumbnail","hentry","category-entretenimiento","category-internacionales","category-republica-dominicana"],"_links":{"self":[{"href":"https:\/\/2horizontes.com\/index.php?rest_route=\/wp\/v2\/posts\/26911","targetHints":{"allow":["GET"]}}],"collection":[{"href":"https:\/\/2horizontes.com\/index.php?rest_route=\/wp\/v2\/posts"}],"about":[{"href":"https:\/\/2horizontes.com\/index.php?rest_route=\/wp\/v2\/types\/post"}],"author":[{"embeddable":true,"href":"https:\/\/2horizontes.com\/index.php?rest_route=\/wp\/v2\/users\/8"}],"replies":[{"embeddable":true,"href":"https:\/\/2horizontes.com\/index.php?rest_route=%2Fwp%2Fv2%2Fcomments&post=26911"}],"version-history":[{"count":1,"href":"https:\/\/2horizontes.com\/index.php?rest_route=\/wp\/v2\/posts\/26911\/revisions"}],"predecessor-version":[{"id":26913,"href":"https:\/\/2horizontes.com\/index.php?rest_route=\/wp\/v2\/posts\/26911\/revisions\/26913"}],"wp:featuredmedia":[{"embeddable":true,"href":"https:\/\/2horizontes.com\/index.php?rest_route=\/wp\/v2\/media\/26912"}],"wp:attachment":[{"href":"https:\/\/2horizontes.com\/index.php?rest_route=%2Fwp%2Fv2%2Fmedia&parent=26911"}],"wp:term":[{"taxonomy":"category","embeddable":true,"href":"https:\/\/2horizontes.com\/index.php?rest_route=%2Fwp%2Fv2%2Fcategories&post=26911"},{"taxonomy":"post_tag","embeddable":true,"href":"https:\/\/2horizontes.com\/index.php?rest_route=%2Fwp%2Fv2%2Ftags&post=26911"}],"curies":[{"name":"wp","href":"https:\/\/api.w.org\/{rel}","templated":true}]}}