{"id":26838,"date":"2015-10-02T16:43:02","date_gmt":"2015-10-02T15:43:02","guid":{"rendered":"http:\/\/2horizontes.com\/?p=26838"},"modified":"2015-10-02T16:45:42","modified_gmt":"2015-10-02T15:45:42","slug":"los-he-traumatizado-dice-cristian-castro-por-sus-fotos-vestido-de-mujer","status":"publish","type":"post","link":"https:\/\/2horizontes.com\/?p=26838","title":{"rendered":"\u201cLos he traumatizado\u201d, dice Cristian Castro por sus fotos vestido de mujer"},"content":{"rendered":"<p class=\"DETALLE_N_titulo \"><span id=\"ctl14_lblMostra\"><strong>M\u00c9XICO.<\/strong>\u2013 El cantante mexicano Cristian Castro admiti\u00f3 este jueves\u00a0que ha \u201ctraumatizado\u201d a sus admiradores con las fotos que divulg\u00f3 recientemente en las redes sociales en las que aparece vestido de mujer y a\u00f1adi\u00f3 que justo ese era su objetivo.<\/span><\/p>\n<p>\u201cLos he traumatizado, y est\u00e1 bien. Para eso lo hice\u201d, asegur\u00f3 en una conferencia de prensa para anunciar una gira de conciertos en M\u00e9xico con su colega Aleks Syntek a finales de este a\u00f1o.<\/p>\n<p>El int\u00e9rprete coment\u00f3 que muchos artistas hacen caracterizaciones para que el p\u00fablico no los encasille en un solo papel. \u201cDebemos abrirnos al contraste. Est\u00e1 cambiando mucho el mundo\u201d, apunt\u00f3.<\/p>\n<p>Aunque Castro se considera un cantante \u201cmuy rom\u00e1ntico\u201d, record\u00f3 que est\u00e1 inmerso en un proyecto musical de rock pesado en el que coloca sus gustos alternativos.<\/p>\n<p>\u201cTal vez haces algo que cae bien o que cae mal, pero finalmente algo diferente para sorprender un poco\u201d, apunt\u00f3.<\/p>\n<p>El cantante aprovech\u00f3 la ocasi\u00f3n para anunciar que lanzar\u00e1 su nuevo material discogr\u00e1fico totalmente in\u00e9dito en enero de 2016, el cual tendr\u00e1 dos versiones, una con temas en espa\u00f1ol y otra en ingl\u00e9s.<\/p>\n","protected":false},"excerpt":{"rendered":"<p>M\u00c9XICO.\u2013 El cantante mexicano Cristian Castro admiti\u00f3 este jueves\u00a0que ha \u201ctraumatizado\u201d a sus admiradores con las fotos que divulg\u00f3 recientemente en las redes sociales en las que aparece vestido de mujer y a\u00f1adi\u00f3 que justo ese era su objetivo. \u201cLos he traumatizado, y est\u00e1 bien. Para eso lo hice\u201d, asegur\u00f3 en una conferencia de prensa [&hellip;]<\/p>\n","protected":false},"author":8,"featured_media":26839,"comment_status":"open","ping_status":"open","sticky":false,"template":"","format":"standard","meta":{"footnotes":""},"categories":[1,40,57],"tags":[],"class_list":["post-26838","post","type-post","status-publish","format-standard","has-post-thumbnail","hentry","category-entretenimiento","category-internacionales","category-mundo-gay"],"_links":{"self":[{"href":"https:\/\/2horizontes.com\/index.php?rest_route=\/wp\/v2\/posts\/26838","targetHints":{"allow":["GET"]}}],"collection":[{"href":"https:\/\/2horizontes.com\/index.php?rest_route=\/wp\/v2\/posts"}],"about":[{"href":"https:\/\/2horizontes.com\/index.php?rest_route=\/wp\/v2\/types\/post"}],"author":[{"embeddable":true,"href":"https:\/\/2horizontes.com\/index.php?rest_route=\/wp\/v2\/users\/8"}],"replies":[{"embeddable":true,"href":"https:\/\/2horizontes.com\/index.php?rest_route=%2Fwp%2Fv2%2Fcomments&post=26838"}],"version-history":[{"count":1,"href":"https:\/\/2horizontes.com\/index.php?rest_route=\/wp\/v2\/posts\/26838\/revisions"}],"predecessor-version":[{"id":26840,"href":"https:\/\/2horizontes.com\/index.php?rest_route=\/wp\/v2\/posts\/26838\/revisions\/26840"}],"wp:featuredmedia":[{"embeddable":true,"href":"https:\/\/2horizontes.com\/index.php?rest_route=\/wp\/v2\/media\/26839"}],"wp:attachment":[{"href":"https:\/\/2horizontes.com\/index.php?rest_route=%2Fwp%2Fv2%2Fmedia&parent=26838"}],"wp:term":[{"taxonomy":"category","embeddable":true,"href":"https:\/\/2horizontes.com\/index.php?rest_route=%2Fwp%2Fv2%2Fcategories&post=26838"},{"taxonomy":"post_tag","embeddable":true,"href":"https:\/\/2horizontes.com\/index.php?rest_route=%2Fwp%2Fv2%2Ftags&post=26838"}],"curies":[{"name":"wp","href":"https:\/\/api.w.org\/{rel}","templated":true}]}}