{"id":26826,"date":"2015-10-02T16:08:57","date_gmt":"2015-10-02T15:08:57","guid":{"rendered":"http:\/\/2horizontes.com\/?p=26826"},"modified":"2015-10-02T16:08:57","modified_gmt":"2015-10-02T15:08:57","slug":"como-un-allante-califican-patrullaje-mixto-rd","status":"publish","type":"post","link":"https:\/\/2horizontes.com\/?p=26826","title":{"rendered":"Como un \u201callante\u201d califican patrullaje mixto RD"},"content":{"rendered":"<p><strong>RD-SANTO DOMINGO<\/strong>\u2013 Como un allante calificaron este jueves organizaciones barriales el patrullaje mixto iniciado hace varios meses por el Gobierno, ya que a su juicio, \u00e9ste no ha reducido los niveles de delincuencia en las calles.<\/p>\n<p>Al participar en un di\u00e1logo urbano sobre inseguridad ciudadana, los directores de Ciudad Alternativa y Comit\u00e9 para la Defensa de los Derechos Barriales (Copadeba), criticaron adem\u00e1s las denominadas redadas que se realizan en los barrios y que dijeron s\u00f3lo sirven para sembrar el terror entre los j\u00f3venes decentes.<\/p>\n","protected":false},"excerpt":{"rendered":"<p>RD-SANTO DOMINGO\u2013 Como un allante calificaron este jueves organizaciones barriales el patrullaje mixto iniciado hace varios meses por el Gobierno, ya que a su juicio, \u00e9ste no ha reducido los niveles de delincuencia en las calles. Al participar en un di\u00e1logo urbano sobre inseguridad ciudadana, los directores de Ciudad Alternativa y Comit\u00e9 para la Defensa [&hellip;]<\/p>\n","protected":false},"author":8,"featured_media":26827,"comment_status":"open","ping_status":"open","sticky":false,"template":"","format":"standard","meta":{"footnotes":""},"categories":[44],"tags":[],"class_list":["post-26826","post","type-post","status-publish","format-standard","has-post-thumbnail","hentry","category-republica-dominicana"],"_links":{"self":[{"href":"https:\/\/2horizontes.com\/index.php?rest_route=\/wp\/v2\/posts\/26826","targetHints":{"allow":["GET"]}}],"collection":[{"href":"https:\/\/2horizontes.com\/index.php?rest_route=\/wp\/v2\/posts"}],"about":[{"href":"https:\/\/2horizontes.com\/index.php?rest_route=\/wp\/v2\/types\/post"}],"author":[{"embeddable":true,"href":"https:\/\/2horizontes.com\/index.php?rest_route=\/wp\/v2\/users\/8"}],"replies":[{"embeddable":true,"href":"https:\/\/2horizontes.com\/index.php?rest_route=%2Fwp%2Fv2%2Fcomments&post=26826"}],"version-history":[{"count":1,"href":"https:\/\/2horizontes.com\/index.php?rest_route=\/wp\/v2\/posts\/26826\/revisions"}],"predecessor-version":[{"id":26828,"href":"https:\/\/2horizontes.com\/index.php?rest_route=\/wp\/v2\/posts\/26826\/revisions\/26828"}],"wp:featuredmedia":[{"embeddable":true,"href":"https:\/\/2horizontes.com\/index.php?rest_route=\/wp\/v2\/media\/26827"}],"wp:attachment":[{"href":"https:\/\/2horizontes.com\/index.php?rest_route=%2Fwp%2Fv2%2Fmedia&parent=26826"}],"wp:term":[{"taxonomy":"category","embeddable":true,"href":"https:\/\/2horizontes.com\/index.php?rest_route=%2Fwp%2Fv2%2Fcategories&post=26826"},{"taxonomy":"post_tag","embeddable":true,"href":"https:\/\/2horizontes.com\/index.php?rest_route=%2Fwp%2Fv2%2Ftags&post=26826"}],"curies":[{"name":"wp","href":"https:\/\/api.w.org\/{rel}","templated":true}]}}