{"id":26822,"date":"2015-10-02T15:59:47","date_gmt":"2015-10-02T14:59:47","guid":{"rendered":"http:\/\/2horizontes.com\/?p=26822"},"modified":"2015-10-02T16:36:43","modified_gmt":"2015-10-02T15:36:43","slug":"a-punaladas-matan-mujer-al-regresar-de-un-retiro-de-oracion-en-higuey-rd","status":"publish","type":"post","link":"https:\/\/2horizontes.com\/?p=26822","title":{"rendered":"Matan mujer a pu\u00f1aladas  al regresar de un retiro de oraci\u00f3n en Hig\u00fcey RD"},"content":{"rendered":"<p><strong>RD-LA ALTAGARCIA-<\/strong> Una mujer fue ultimada a pu\u00f1aladas\u00a0 en su vivienda, al regresar de un retiro de oraci\u00f3n, y su cad\u00e1ver fue hallado envuelto en una s\u00e1bana en el sector Los Rosales de Hig\u00fcey.<\/p>\n<p>La v\u00edctima identificada como Yanet Rodr\u00edguez, de 40 a\u00f1os de edad, viv\u00eda con su esposo y dos hijos.<\/p>\n<p>Se inform\u00f3 que el cad\u00e1ver fue hallado por unos vecinos que observaron que la puerta la vivienda, ubicada en un tercer nivel, estaba abierta y sal\u00eda sangre,\u00a0 por lo que de inmediato alertaron a la Polic\u00eda.<\/p>\n<p>Al lugar se presentaron la fiscal Mercedes Santana, el teniente coronel H\u00e9ctor Julio Monegro,\u00a0 de investigaciones criminales\u00a0 de la Polic\u00eda, y m\u00e9dico legista F\u00e9lix Tejada, este \u00faltimo dijo que el cad\u00e1ver tiene cuatro heridas punzantes en el t\u00f3rax y signos de estrangulamiento.<\/p>\n<p>El cad\u00e1ver ser\u00e1 enviado al instituto de patolog\u00eda forense de San Pedro de Macor\u00eds.<\/p>\n","protected":false},"excerpt":{"rendered":"<p>RD-LA ALTAGARCIA- Una mujer fue ultimada a pu\u00f1aladas\u00a0 en su vivienda, al regresar de un retiro de oraci\u00f3n, y su cad\u00e1ver fue hallado envuelto en una s\u00e1bana en el sector Los Rosales de Hig\u00fcey. La v\u00edctima identificada como Yanet Rodr\u00edguez, de 40 a\u00f1os de edad, viv\u00eda con su esposo y dos hijos. Se inform\u00f3 que [&hellip;]<\/p>\n","protected":false},"author":8,"featured_media":26824,"comment_status":"open","ping_status":"open","sticky":false,"template":"","format":"standard","meta":{"footnotes":""},"categories":[53,44],"tags":[],"class_list":["post-26822","post","type-post","status-publish","format-standard","has-post-thumbnail","hentry","category-provincias","category-republica-dominicana"],"_links":{"self":[{"href":"https:\/\/2horizontes.com\/index.php?rest_route=\/wp\/v2\/posts\/26822","targetHints":{"allow":["GET"]}}],"collection":[{"href":"https:\/\/2horizontes.com\/index.php?rest_route=\/wp\/v2\/posts"}],"about":[{"href":"https:\/\/2horizontes.com\/index.php?rest_route=\/wp\/v2\/types\/post"}],"author":[{"embeddable":true,"href":"https:\/\/2horizontes.com\/index.php?rest_route=\/wp\/v2\/users\/8"}],"replies":[{"embeddable":true,"href":"https:\/\/2horizontes.com\/index.php?rest_route=%2Fwp%2Fv2%2Fcomments&post=26822"}],"version-history":[{"count":2,"href":"https:\/\/2horizontes.com\/index.php?rest_route=\/wp\/v2\/posts\/26822\/revisions"}],"predecessor-version":[{"id":26837,"href":"https:\/\/2horizontes.com\/index.php?rest_route=\/wp\/v2\/posts\/26822\/revisions\/26837"}],"wp:featuredmedia":[{"embeddable":true,"href":"https:\/\/2horizontes.com\/index.php?rest_route=\/wp\/v2\/media\/26824"}],"wp:attachment":[{"href":"https:\/\/2horizontes.com\/index.php?rest_route=%2Fwp%2Fv2%2Fmedia&parent=26822"}],"wp:term":[{"taxonomy":"category","embeddable":true,"href":"https:\/\/2horizontes.com\/index.php?rest_route=%2Fwp%2Fv2%2Fcategories&post=26822"},{"taxonomy":"post_tag","embeddable":true,"href":"https:\/\/2horizontes.com\/index.php?rest_route=%2Fwp%2Fv2%2Ftags&post=26822"}],"curies":[{"name":"wp","href":"https:\/\/api.w.org\/{rel}","templated":true}]}}