{"id":26801,"date":"2015-10-02T11:27:26","date_gmt":"2015-10-02T10:27:26","guid":{"rendered":"http:\/\/2horizontes.com\/?p=26801"},"modified":"2015-10-02T11:27:26","modified_gmt":"2015-10-02T10:27:26","slug":"inicia-visita-de-empresarios-puertorriquenos-a-la-habana","status":"publish","type":"post","link":"https:\/\/2horizontes.com\/?p=26801","title":{"rendered":"Inicia visita de empresarios puertorrique\u00f1os a La Habana."},"content":{"rendered":"<p>La Habana<\/p>\n<p>Cuarenta empresarios locales de Puerto Rico llegaron a La Habana, orientados a identificar oportunidades de negocios.<\/p>\n<p>Carlos Rivera, Presidente de la Asociaci\u00f3n de Industriales de Puerto Rico (AIPR) precisa que este viaje es de seguimiento a la avanzada que ya estuvo en La Habana en 2014, antes de la normalizaci\u00f3n de las relaciones <a title=\"Cuba\" href=\"http:\/\/www.cubadebate.cu\/etiqueta\/cuba\/\">Cuba<\/a>-Estados Unidos.<\/p>\n<p>El l\u00edder de los industriales, indic\u00f3 que este esfuerzo es de conjunto con el gobierno de Puerto Rico, en inter\u00e9s de fomentar la exportaci\u00f3n y destac\u00f3 la gesti\u00f3n del Dr. David Bernier, Secretario de Estado, quien presidi\u00f3 ayer San Juan, la Conferencia de prensa en el Departamento de Estado.<\/p>\n<p>Puerto Rico debe convertirse en un aliado principal de Cuba, en las relaciones comerciales, sobre todo por nuestra historia com\u00fan y los lazos solidarios que hemos mantenido siempre. Esta relaci\u00f3n debe ser en ambas direcciones, comprarle y venderle a Cuba, para que el negocio sea mutuamente beneficioso, expres\u00f3 Bernier.<\/p>\n<p>El gobierno, facilit\u00f3 los canales de comunicaci\u00f3n con Cuba, y que fueran recibidos oficialmente por la Embajada de Estados Unidos, de la cual Puerto Rico, es colonia.<\/p>\n<p>\u201cLa oportunidad en Cuba existe con la premura que atendamos el mercado y hagamos las relaciones necesarias para poder insertarnos\u201d precis\u00f3 Waleska Rivera, Presidenta del Comit\u00e9 de Internacionalizaci\u00f3n de los industriales. Destac\u00f3 que las firmas de la avanzada, representan a sectores de tecnolog\u00eda m\u00f3vil e inform\u00e1tica, insumos para la agricultura y hoteler\u00eda, energ\u00eda renovable, productos para farmacia y laboratorios, suplidores para rehabilitaci\u00f3n de viviendas. Entre otros se incluyen piezas para remplazo de equipos y veh\u00edculos, bienes de consumo diario y de lujo, para satisfacer la demanda de turismo extranjero.<\/p>\n<p>Los representantes de 24 empresas, asistir\u00e1n a conferencias con empresarios cubanos y de gobierno, visitar\u00e1n importantes zonas de desarrollo, como la Especial de Mariel (ZEDM) que busca incentivar la inversi\u00f3n extrajera, as\u00ed como el recorrido por proyectos tur\u00edsticos de inter\u00e9s.<\/p>\n<p>Francisco Ch\u00e9vere, Jefe de la compa\u00f1\u00eda de Comercio y exportaci\u00f3n, anim\u00f3 la Misi\u00f3n, como \u201cuna actividad por el pa\u00eds, considerada una ganancia para Puerto Rico y tambi\u00e9n para Cuba\u201d. La visita de empresarios puertorrique\u00f1os est\u00e1 se\u00f1alada para los d\u00edas del 1\u00ba al 8 de octubre de 2015.<\/p>\n<p>A prop\u00f3sito, Clarisa Jim\u00e9nez, presidenta de la Asociaci\u00f3n de Hoteles y Turismo de Puerto Rico, reconoci\u00f3 que para los empresarios de esta industria, Cuba podr\u00eda ser una plataforma para exportar servicios y conocimiento, debido a la experiencia que ha tenido Puerto Rico con el mercado americano. Destac\u00f3 que no ve a Cuba como una amenaza para el turismo local. \u201cLo veo como una gran oportunidad. Simplemente hay que hacer las cosas bien, sobre todo para que la presencia del Caribe hispano se haga m\u00e1s fuerte. Yo lo veo como un aliado para fortalecer nuestra imagen\u201d, opin\u00f3 Jim\u00e9nez.<\/p>\n<p>Cerca de 30 empresarios de Puerto Rico que visitar\u00e1n a Cuba en octubre en un viaje coordinado por la Asociaci\u00f3n de Industriales de Puerto Rico para propiciar la inversi\u00f3n econ\u00f3mica en la mayor de las Antillas, participaron este viernes de un taller sobre c\u00f3mo hacer negocios en esa naci\u00f3n.<\/p>\n<p>El seminario fue ofrecido por la licenciada cubana Leticia Berm\u00fadez Ben\u00edtez, graduada de la Universidad de La Habana y especialista en propiedad intelectual. En el mismo, les orient\u00f3 sobre las \u00e1reas con mayor oportunidad de inversi\u00f3n que hay actualmente. Tambi\u00e9n explic\u00f3 algunas de las disposiciones legales que se han modificado, especialmente en el gobierno de Cuba, para viabilizar la inversi\u00f3n extranjera.<\/p>\n<p>La abogada cubana destac\u00f3 que el gobierno cubano ofrece prioridad a la inversi\u00f3n extranjera para desarrollo en el sector de infraestructura e inmobiliario, telecomunicaciones, agricultura y energ\u00eda.<\/p>\n<p>\u201cHay prioridad en lo que tiene que ver con la transferencia de tecnolog\u00eda e innovaci\u00f3n tecnol\u00f3gica, en telecomunicaciones\u201d, abund\u00f3 la experta, quien ofreci\u00f3 el taller en las oficinas de la Asociaci\u00f3n de Industriales en Guaynabo.<\/p>\n<p>\u201cEn el desarrollo agr\u00edcola, ya no es solamente la exportaci\u00f3n de productos agr\u00edcolas hacia Cuba, sino ayudar a desarrollar el sector agr\u00edcola del pa\u00eds con maquinaria y \u2018know how\u2019 (saber c\u00f3mo)\u201d, a\u00f1adi\u00f3.<\/p>\n<p>Durante su presentaci\u00f3n, resalt\u00f3 el proyecto conocido como la Zona Especial de Desarrollo Econ\u00f3mico del Mariel (ZEDM). Encabezado por un moderno puerto que ser\u00e1 operado en conjunto con una empresa extranjera, consiste de un sistema log\u00edstico que permitir\u00e1 altos niveles de eficiencia en la importaci\u00f3n, exportaci\u00f3n y distribuci\u00f3n.<\/p>\n<p>Adem\u00e1s del puerto y las autopistas que ya se construyeron, ahora comienza un mega proyecto de construcci\u00f3n de infraestructura, que deja la impresi\u00f3n de que se levantar\u00e1 una ciudad desde cero, contando con la inversi\u00f3n extranjera.<\/p>\n<p>Con ejemplos como este, Berm\u00fadez Ben\u00edtez hizo \u00e9nfasis en que los planes del gobierno cubano con relaci\u00f3n a la entrada de capital extranjero consisten en darle prioridad a las \u201cgrandes inversiones por encima de las peque\u00f1as y medianas empresas\u201d.<\/p>\n<p>Para lograrlo, explic\u00f3 la licenciada, es necesario que los empresarios se mantengan al tanto con los cambios que peri\u00f3dicamente se desarrollan en el marco legal cubano y estadounidense.<\/p>\n<p>Mencion\u00f3, por ejemplo, que actualmente los extranjeros pueden invertir en Cuba a trav\u00e9s de diversas modalidades de negocios. Una de ellas es la empresa mixta, que consiste de la uni\u00f3n de una compa\u00f1\u00eda extranjera con una corporaci\u00f3n p\u00fablica cubana para crear una entidad jur\u00eddica nueva.<\/p>\n<p>Tambi\u00e9n pueden establecerse contratos de asociaci\u00f3n econ\u00f3mica internacional para realizar una actividad particular como, por ejemplo, servicios profesionales.<\/p>\n<p>Adem\u00e1s, existe la posibilidad de que sea una inversi\u00f3n totalmente extranjera, pero no contar\u00e1 con los incentivos de exenci\u00f3n que ofrecen las otras alternativas.<\/p>\n<p>Ante este y otros aspectos, como las regulaciones de los mercados, contrataci\u00f3n de personal y manejo de las divisas, Berm\u00fadez Ben\u00edtez inst\u00f3 a los interesados a participar de las visitas que realiza la Asociaci\u00f3n de Industriales para tener la oportunidad de aclarar dudas.<\/p>\n<p>\u201cEl gobierno de Cuba est\u00e1 buscando que todas estas cosas ayuden a mantener el desarrollo social, como las educaci\u00f3n gratis y salud gratuita\u201d, sostuvo.<\/p>\n<p>\u201cPara sostener determinados niveles y mejorarlos, entonces es que se est\u00e1 haciendo esta apertura a la inversi\u00f3n extranjera, que ahora mismo est\u00e1 muy limitada para el empresariado norteamericano y boricua, pero cada vez m\u00e1s se erosiona el embargo, y Cuba est\u00e1 apostando por las personas que vengan con la intenci\u00f3n de inversiones que ayuden a desarrollar al pa\u00eds, vengan de donde vengan\u201d, afirm\u00f3.<\/p>\n<p>Luis Silva, de la compa\u00f1\u00eda de alimentos Able Sales, fue uno de los empresarios que acudi\u00f3 al taller y se\u00f1al\u00f3 que viajar\u00e1 nuevamente a Cuba en la misi\u00f3n, despu\u00e9s de haber participado de una visita similar en el 2013. En esta ocasi\u00f3n, va m\u00e1s optimista por los cambios que se han desarrollado este a\u00f1o.<\/p>\n<p>\u201cEn la primera visita nos dimos cuenta de que en el futuro iba a haber unas oportunidades\u201d, dijo Silva.<\/p>\n<p>\u201cEs cuesti\u00f3n de seguir aprendiendo y orientando, para cuando haya total oportunidad para empresas de Estados Unidos, podamos estar en posici\u00f3n de aprovecharlo\u201d.<\/p>\n<p>\u201cHay inter\u00e9s, porque es un mercado nuevo y tenemos que ver c\u00f3mo nos podemos insertar en esas oportunidades\u201d, mantuvo.<\/p>\n<p>Otro que mostr\u00f3 bastante inter\u00e9s durante el taller, formulando interrogantes que comparten otros empresarios del patio, fue Alexis Rivera, de la compa\u00f1\u00eda Energy Products.<\/p>\n<p>\u201cEstamos en el proceso de explorar. Se est\u00e1 especulando mucho sobre los cambios en Cuba. No sabemos c\u00f3mo va a impactar la econom\u00eda de Puerto Rico y otros dicen que no\u201d, expres\u00f3.<\/p>\n<p>\u201cQueremos sacar la especulaci\u00f3n del medio, ver qu\u00e9 hay, qu\u00e9 est\u00e1 pasando, si vale la pena la inversi\u00f3n y si en realidad nos puede impactar\u201d, afirm\u00f3.<\/p>\n<p>\u201cSi es as\u00ed, entonces c\u00f3mo podemos movernos quiz\u00e1s a una oficina remota. Es cuesti\u00f3n de prepararse porque la econom\u00eda de Puerto Rio est\u00e1 un poco dif\u00edcil\u201d.<\/p>\n<p><img loading=\"lazy\" decoding=\"async\" class=\"aligncenter size-full wp-image-639805\" src=\"http:\/\/www.cubadebate.cu\/wp-content\/uploads\/2015\/10\/Taller-sobre-oportunidades-en-Cuba.1.jpg\" alt=\"Taller sobre oportunidades en Cuba.\" width=\"580\" height=\"288\" \/><\/p>\n<h3>Nuevas oportunidades<\/h3>\n<p>Por otro lado, la presidenta del Comit\u00e9 de Internacionalizaci\u00f3n de la Asociaci\u00f3n de Industriales, Waleska Rivera, indic\u00f3 que el grupo que viajar\u00e1 a Cuba del 1 al 18 de octubre est\u00e1 integrado por muchos de los empresarios que han mostrado inter\u00e9s en las oportunidades de inversiones que van surgiendo con el restablecimiento de relaciones entre los gobiernos de Cuba y Estados Unidos.<\/p>\n<p>De hecho, Rivera destac\u00f3 que la misi\u00f3n de empresarios que encabezar\u00e1 ser\u00e1 el primer grupo de profesionales que recibir\u00e1 la embajada de Estados Unidos en La Habana desde que abri\u00f3 en dicha capacidad diplom\u00e1tica el mes pasado, por primera vez en medio siglo.<\/p>\n<p>\u201cLa apuesta a Cuba la tenemos que hacer. Si no estamos en fila, all\u00ed hay otros que la van a hacer. El que no va a ahora, se le va a hacer tarde\u201d, urgi\u00f3 Rivera.<\/p>\n<p>\u201cEsta misi\u00f3n va en el marco de la ley para que nuestros empresarios puedan conocer al pueblo cubano y las oportunidades que all\u00ed existen\u201d, a\u00f1adi\u00f3 la empresaria, quien dijo que todav\u00eda quedan espacios disponibles para participar de la visita a Cuba.<\/p>\n<p>F. Cubadebate.<\/p>\n","protected":false},"excerpt":{"rendered":"<p>La Habana Cuarenta empresarios locales de Puerto Rico llegaron a La Habana, orientados a identificar oportunidades de negocios. Carlos Rivera, Presidente de la Asociaci\u00f3n de Industriales de Puerto Rico (AIPR) precisa que este viaje es de seguimiento a la avanzada que ya estuvo en La Habana en 2014, antes de la normalizaci\u00f3n de las relaciones [&hellip;]<\/p>\n","protected":false},"author":7,"featured_media":26802,"comment_status":"open","ping_status":"open","sticky":false,"template":"","format":"standard","meta":{"footnotes":""},"categories":[49,63,40],"tags":[],"class_list":["post-26801","post","type-post","status-publish","format-standard","has-post-thumbnail","hentry","category-cuba","category-economia","category-internacionales"],"_links":{"self":[{"href":"https:\/\/2horizontes.com\/index.php?rest_route=\/wp\/v2\/posts\/26801","targetHints":{"allow":["GET"]}}],"collection":[{"href":"https:\/\/2horizontes.com\/index.php?rest_route=\/wp\/v2\/posts"}],"about":[{"href":"https:\/\/2horizontes.com\/index.php?rest_route=\/wp\/v2\/types\/post"}],"author":[{"embeddable":true,"href":"https:\/\/2horizontes.com\/index.php?rest_route=\/wp\/v2\/users\/7"}],"replies":[{"embeddable":true,"href":"https:\/\/2horizontes.com\/index.php?rest_route=%2Fwp%2Fv2%2Fcomments&post=26801"}],"version-history":[{"count":1,"href":"https:\/\/2horizontes.com\/index.php?rest_route=\/wp\/v2\/posts\/26801\/revisions"}],"predecessor-version":[{"id":26803,"href":"https:\/\/2horizontes.com\/index.php?rest_route=\/wp\/v2\/posts\/26801\/revisions\/26803"}],"wp:featuredmedia":[{"embeddable":true,"href":"https:\/\/2horizontes.com\/index.php?rest_route=\/wp\/v2\/media\/26802"}],"wp:attachment":[{"href":"https:\/\/2horizontes.com\/index.php?rest_route=%2Fwp%2Fv2%2Fmedia&parent=26801"}],"wp:term":[{"taxonomy":"category","embeddable":true,"href":"https:\/\/2horizontes.com\/index.php?rest_route=%2Fwp%2Fv2%2Fcategories&post=26801"},{"taxonomy":"post_tag","embeddable":true,"href":"https:\/\/2horizontes.com\/index.php?rest_route=%2Fwp%2Fv2%2Ftags&post=26801"}],"curies":[{"name":"wp","href":"https:\/\/api.w.org\/{rel}","templated":true}]}}