{"id":26795,"date":"2015-10-02T11:17:39","date_gmt":"2015-10-02T10:17:39","guid":{"rendered":"http:\/\/2horizontes.com\/?p=26795"},"modified":"2015-10-02T11:17:39","modified_gmt":"2015-10-02T10:17:39","slug":"el-secretario-de-estado-de-ee-uu-john-kerry-visitara-haiti-la-proxima-semana","status":"publish","type":"post","link":"https:\/\/2horizontes.com\/?p=26795","title":{"rendered":"El secretario de Estado de EE.UU. John Kerry visitar\u00e1 Hait\u00ed la pr\u00f3xima semana"},"content":{"rendered":"<div id=\"ArticleAuthorDiv\" class=\"article-body-author\"><b>EFE<\/b><\/div>\n<div id=\"ArticleSourceDiv\" class=\"article-body-author\"><b>Washington<\/b><\/div>\n<div id=\"ArticleBody\">\n<p>El secretario de Estado de EE.UU., John Kerry, asistir\u00e1 el 5 de octubre a la conferencia Nuestro Oc\u00e9ano en Valpara\u00edso (Chile) y el 6 de octubre viajar\u00e1 a Hait\u00ed para reunirse con el presidente de ese pa\u00eds, Michel Martelly, inform\u00f3 ayer el Departamento de Estado.<\/p>\n<p>En Valpara\u00edso, Kerry prev\u00e9 enfatizar los \u00abprogresos\u00bb realizados gracias a los compromisos de la primera conferencia sobre la protecci\u00f3n del oc\u00e9ano, celebrada en Washington en junio de 2014, as\u00ed como anunciar \u00abnuevas iniciativas\u00bb, seg\u00fan detall\u00f3 en un comunicado el portavoz del Departamento de Estado, John Kirby.<\/p>\n<p>Kerry encabez\u00f3 el a\u00f1o pasado en Washington la primera edici\u00f3n de este foro, dedicado a analizar pol\u00edticas relacionadas con la pesca sostenible y el combate a la contaminaci\u00f3n mar\u00edtima y la acidificaci\u00f3n de los oc\u00e9anos.<\/p>\n<p>A la cita de Valpara\u00edso asistir\u00e1n m\u00e1s de 400 figuras del \u00e1mbito pol\u00edtico, acad\u00e9mico y de la sociedad civil comprometidas con la protecci\u00f3n del oc\u00e9ano, entre ellas Kerry y el Pr\u00edncipe Alberto de M\u00f3naco.<\/p>\n<p>Durante su estancia en Valpara\u00edso, el jefe de la diplomacia estadounidense participar\u00e1 tambi\u00e9n junto con el ministro de Exteriores chileno, Heraldo Mu\u00f1oz, en un encuentro con estudiantes abierto a preguntas y dedicado asimismo a la protecci\u00f3n del oc\u00e9ano, de acuerdo con Kirby.<\/p>\n<p>El 6 de octubre, antes de regresar a Washington, Kerry se desplazar\u00e1 a Hait\u00ed en respuesta a una invitaci\u00f3n del presidente Martelly.<\/p>\n<p>El portavoz de Kerry precis\u00f3 que el objetivo de su visita a Hait\u00ed y de la reuni\u00f3n con Martelly ser\u00e1 abordar los \u00abpreparativos\u00bb de cara a la primera vuelta de las elecciones presidenciales en ese pa\u00eds, que est\u00e1 prevista para el 25 de octubre.<\/p>\n<\/div>\n","protected":false},"excerpt":{"rendered":"<p>EFE Washington El secretario de Estado de EE.UU., John Kerry, asistir\u00e1 el 5 de octubre a la conferencia Nuestro Oc\u00e9ano en Valpara\u00edso (Chile) y el 6 de octubre viajar\u00e1 a Hait\u00ed para reunirse con el presidente de ese pa\u00eds, Michel Martelly, inform\u00f3 ayer el Departamento de Estado. En Valpara\u00edso, Kerry prev\u00e9 enfatizar los \u00abprogresos\u00bb realizados [&hellip;]<\/p>\n","protected":false},"author":7,"featured_media":26796,"comment_status":"open","ping_status":"open","sticky":false,"template":"","format":"standard","meta":{"footnotes":""},"categories":[47,40,43],"tags":[],"class_list":["post-26795","post","type-post","status-publish","format-standard","has-post-thumbnail","hentry","category-haiti","category-internacionales","category-politica"],"_links":{"self":[{"href":"https:\/\/2horizontes.com\/index.php?rest_route=\/wp\/v2\/posts\/26795","targetHints":{"allow":["GET"]}}],"collection":[{"href":"https:\/\/2horizontes.com\/index.php?rest_route=\/wp\/v2\/posts"}],"about":[{"href":"https:\/\/2horizontes.com\/index.php?rest_route=\/wp\/v2\/types\/post"}],"author":[{"embeddable":true,"href":"https:\/\/2horizontes.com\/index.php?rest_route=\/wp\/v2\/users\/7"}],"replies":[{"embeddable":true,"href":"https:\/\/2horizontes.com\/index.php?rest_route=%2Fwp%2Fv2%2Fcomments&post=26795"}],"version-history":[{"count":1,"href":"https:\/\/2horizontes.com\/index.php?rest_route=\/wp\/v2\/posts\/26795\/revisions"}],"predecessor-version":[{"id":26797,"href":"https:\/\/2horizontes.com\/index.php?rest_route=\/wp\/v2\/posts\/26795\/revisions\/26797"}],"wp:featuredmedia":[{"embeddable":true,"href":"https:\/\/2horizontes.com\/index.php?rest_route=\/wp\/v2\/media\/26796"}],"wp:attachment":[{"href":"https:\/\/2horizontes.com\/index.php?rest_route=%2Fwp%2Fv2%2Fmedia&parent=26795"}],"wp:term":[{"taxonomy":"category","embeddable":true,"href":"https:\/\/2horizontes.com\/index.php?rest_route=%2Fwp%2Fv2%2Fcategories&post=26795"},{"taxonomy":"post_tag","embeddable":true,"href":"https:\/\/2horizontes.com\/index.php?rest_route=%2Fwp%2Fv2%2Ftags&post=26795"}],"curies":[{"name":"wp","href":"https:\/\/api.w.org\/{rel}","templated":true}]}}