{"id":26780,"date":"2015-10-02T10:53:31","date_gmt":"2015-10-02T09:53:31","guid":{"rendered":"http:\/\/2horizontes.com\/?p=26780"},"modified":"2015-10-02T10:53:31","modified_gmt":"2015-10-02T09:53:31","slug":"las-personas-altas-estarian-mas-expuestas-al-cancer","status":"publish","type":"post","link":"https:\/\/2horizontes.com\/?p=26780","title":{"rendered":"Las personas altas estar\u00edan m\u00e1s expuestas al c\u00e1ncer"},"content":{"rendered":"<div id=\"ArticleAuthorDiv\" class=\"article-body-author\"><b>AFP<\/b><\/div>\n<div id=\"ArticleSourceDiv\" class=\"article-body-author\"><b>Par\u00eds<\/b><\/div>\n<div id=\"ArticleBody\">\n<p>Las personas altas, sobre todo en el caso de las mujeres, estar\u00edan m\u00e1s expuestas que las bajas a desarrollar c\u00e1nceres, seg\u00fan un estudio cuyo inter\u00e9s es discutido por ciertos expertos.<\/p>\n<p>Seg\u00fan un amplio estudio realizado en m\u00e1s de cinco millones de suecos adultos nacidos entre 1938 y 1991, el riesgo de c\u00e1ncer aumentar\u00eda un 10% en los hombres y un 18% en las mujeres por cada 10 cm de diferencia.<\/p>\n<p>Esto significa que una mujer de 1m72 de estatura tiene un 18% m\u00e1s de posibilidades de tener c\u00e1ncer que una mujer de 1m62.<\/p>\n<p>Los resultados del estudio, que todav\u00eda no ha sido publicado, fueron presentados en Barcelona, en una conferencia de la Sociedad Europea de Endocrinolog\u00eda Pedi\u00e1trica, por el doctor Emeli Benyi, del instituto sueco Karolinska.<\/p>\n<p>Estudios anteriores hab\u00edan establecido una relaci\u00f3n entre la talla y el c\u00e1ncer, pero sobre la base de paneles mucho menos importantes.<\/p>\n<p>El estudio sueco encontr\u00f3 que las mujeres altas tienen un riesgo 20% superior de contraer un c\u00e1ncer de mama por cada 10 cm suplementarios, mientras que hombres y mujeres de gran talla corren un peligro 30% superior de contraer melanomas.<\/p>\n<p>El estudio ha sido recibido con circunspecci\u00f3n por los expertos, que no ven grandes novedades y subsisten incertidumbres, sobre todo relacionadas con la consideraci\u00f3n de otros factores de riesgo (tabaquismo, herencia, obesidad, sedentarismo&#8230;) de los c\u00e1nceres.<\/p>\n<p>\u00abAunque el estudio es s\u00f3lido (&#8230;) no veo en qu\u00e9 podr\u00eda contribuir \u00fatilmente a la prevenci\u00f3n del c\u00e1ncer\u00bb, estima el profesor David Coggon, de la universidad brit\u00e1nica de Southampton, en alusi\u00f3n a la imposibilidad de modificar la talla.<\/p>\n<p>Para el profesor Mel Greaves, del Instituto de Investigaci\u00f3n del C\u00e1ncer en Londres, \u00ablas personas de gran talla no deben inquietarse\u00bb m\u00e1s de la cuenta ya que los principales factores de riesgo no incluyen la talla.<\/p>\n<\/div>\n","protected":false},"excerpt":{"rendered":"<p>AFP Par\u00eds Las personas altas, sobre todo en el caso de las mujeres, estar\u00edan m\u00e1s expuestas que las bajas a desarrollar c\u00e1nceres, seg\u00fan un estudio cuyo inter\u00e9s es discutido por ciertos expertos. Seg\u00fan un amplio estudio realizado en m\u00e1s de cinco millones de suecos adultos nacidos entre 1938 y 1991, el riesgo de c\u00e1ncer aumentar\u00eda [&hellip;]<\/p>\n","protected":false},"author":7,"featured_media":26781,"comment_status":"open","ping_status":"open","sticky":false,"template":"","format":"standard","meta":{"footnotes":""},"categories":[86,40,45],"tags":[],"class_list":["post-26780","post","type-post","status-publish","format-standard","has-post-thumbnail","hentry","category-europa","category-internacionales","category-salud"],"_links":{"self":[{"href":"https:\/\/2horizontes.com\/index.php?rest_route=\/wp\/v2\/posts\/26780","targetHints":{"allow":["GET"]}}],"collection":[{"href":"https:\/\/2horizontes.com\/index.php?rest_route=\/wp\/v2\/posts"}],"about":[{"href":"https:\/\/2horizontes.com\/index.php?rest_route=\/wp\/v2\/types\/post"}],"author":[{"embeddable":true,"href":"https:\/\/2horizontes.com\/index.php?rest_route=\/wp\/v2\/users\/7"}],"replies":[{"embeddable":true,"href":"https:\/\/2horizontes.com\/index.php?rest_route=%2Fwp%2Fv2%2Fcomments&post=26780"}],"version-history":[{"count":1,"href":"https:\/\/2horizontes.com\/index.php?rest_route=\/wp\/v2\/posts\/26780\/revisions"}],"predecessor-version":[{"id":26782,"href":"https:\/\/2horizontes.com\/index.php?rest_route=\/wp\/v2\/posts\/26780\/revisions\/26782"}],"wp:featuredmedia":[{"embeddable":true,"href":"https:\/\/2horizontes.com\/index.php?rest_route=\/wp\/v2\/media\/26781"}],"wp:attachment":[{"href":"https:\/\/2horizontes.com\/index.php?rest_route=%2Fwp%2Fv2%2Fmedia&parent=26780"}],"wp:term":[{"taxonomy":"category","embeddable":true,"href":"https:\/\/2horizontes.com\/index.php?rest_route=%2Fwp%2Fv2%2Fcategories&post=26780"},{"taxonomy":"post_tag","embeddable":true,"href":"https:\/\/2horizontes.com\/index.php?rest_route=%2Fwp%2Fv2%2Ftags&post=26780"}],"curies":[{"name":"wp","href":"https:\/\/api.w.org\/{rel}","templated":true}]}}