{"id":26774,"date":"2015-10-02T10:45:19","date_gmt":"2015-10-02T09:45:19","guid":{"rendered":"http:\/\/2horizontes.com\/?p=26774"},"modified":"2015-10-02T10:45:19","modified_gmt":"2015-10-02T09:45:19","slug":"michel-martelly-dice-en-la-onu-que-haiti-va-por-buen-camino","status":"publish","type":"post","link":"https:\/\/2horizontes.com\/?p=26774","title":{"rendered":"Michel Martelly dice en la ONU que Hait\u00ed va por buen camino"},"content":{"rendered":"<div id=\"ArticleAuthorDiv\" class=\"article-body-author\"><b>EFE<\/b><\/div>\n<div id=\"ArticleSourceDiv\" class=\"article-body-author\"><b>Nueva York<\/b><\/div>\n<div id=\"ArticleBody\">\n<p>El presidente haitiano, Michel Martelly, subray\u00f3 ayer en la ONU que \u201cla democracia se ha consolidado\u201d y Hait\u00ed va por \u201cel buen camino\u201d, al tiempo que defendi\u00f3 la necesidad de mantener el plan de una retirada \u201cprogresiva y ordenada\u201d de las tropas de la Minustah.<\/p>\n<p>Martelly intervino ayer en el debate de la Asamblea General de naciones Unidas con un discurso en el que se congratul\u00f3 por el proceso de normalizaci\u00f3n de relaciones entre Cuba y Estados Unidos y lament\u00f3 que a\u00fan contin\u00fae abierto el conflicto interno en Siria.<\/p>\n<p>Sobre su propio pa\u00eds dijo que el pueblo haitiano ha dado muestras de \u201cmadurez pol\u00edtica\u201d y de que \u201ces capaz de tomar las riendas de su destino\u201d, como se ha visto, dijo, con el inicio en agosto pasado del retrasado proceso electoral, el cual concluir\u00e1 a fin de a\u00f1o y comprende elecciones presidenciales, legislativas, municipales y territoriales.<\/p>\n<p>Para Martelly, el \u00e9xito de esas elecciones constituir\u00e1 \u201cun indicador determinante\u201d para evaluar el resultado de los once a\u00f1os de despliegue de la Misi\u00f3n de Naciones Unidas para la Estabilizaci\u00f3n de Hait\u00ed (Minustah).<\/p>\n<\/div>\n","protected":false},"excerpt":{"rendered":"<p>EFE Nueva York El presidente haitiano, Michel Martelly, subray\u00f3 ayer en la ONU que \u201cla democracia se ha consolidado\u201d y Hait\u00ed va por \u201cel buen camino\u201d, al tiempo que defendi\u00f3 la necesidad de mantener el plan de una retirada \u201cprogresiva y ordenada\u201d de las tropas de la Minustah. Martelly intervino ayer en el debate de [&hellip;]<\/p>\n","protected":false},"author":7,"featured_media":26775,"comment_status":"open","ping_status":"open","sticky":false,"template":"","format":"standard","meta":{"footnotes":""},"categories":[47,40,43],"tags":[],"class_list":["post-26774","post","type-post","status-publish","format-standard","has-post-thumbnail","hentry","category-haiti","category-internacionales","category-politica"],"_links":{"self":[{"href":"https:\/\/2horizontes.com\/index.php?rest_route=\/wp\/v2\/posts\/26774","targetHints":{"allow":["GET"]}}],"collection":[{"href":"https:\/\/2horizontes.com\/index.php?rest_route=\/wp\/v2\/posts"}],"about":[{"href":"https:\/\/2horizontes.com\/index.php?rest_route=\/wp\/v2\/types\/post"}],"author":[{"embeddable":true,"href":"https:\/\/2horizontes.com\/index.php?rest_route=\/wp\/v2\/users\/7"}],"replies":[{"embeddable":true,"href":"https:\/\/2horizontes.com\/index.php?rest_route=%2Fwp%2Fv2%2Fcomments&post=26774"}],"version-history":[{"count":1,"href":"https:\/\/2horizontes.com\/index.php?rest_route=\/wp\/v2\/posts\/26774\/revisions"}],"predecessor-version":[{"id":26776,"href":"https:\/\/2horizontes.com\/index.php?rest_route=\/wp\/v2\/posts\/26774\/revisions\/26776"}],"wp:featuredmedia":[{"embeddable":true,"href":"https:\/\/2horizontes.com\/index.php?rest_route=\/wp\/v2\/media\/26775"}],"wp:attachment":[{"href":"https:\/\/2horizontes.com\/index.php?rest_route=%2Fwp%2Fv2%2Fmedia&parent=26774"}],"wp:term":[{"taxonomy":"category","embeddable":true,"href":"https:\/\/2horizontes.com\/index.php?rest_route=%2Fwp%2Fv2%2Fcategories&post=26774"},{"taxonomy":"post_tag","embeddable":true,"href":"https:\/\/2horizontes.com\/index.php?rest_route=%2Fwp%2Fv2%2Ftags&post=26774"}],"curies":[{"name":"wp","href":"https:\/\/api.w.org\/{rel}","templated":true}]}}