{"id":26742,"date":"2015-10-02T09:49:30","date_gmt":"2015-10-02T08:49:30","guid":{"rendered":"http:\/\/2horizontes.com\/?p=26742"},"modified":"2015-10-02T09:50:32","modified_gmt":"2015-10-02T08:50:32","slug":"blablacar-se-reivindica-como-red-social-y-acota-su-impacto-en-el-autobus-para-evitar-su-cierre","status":"publish","type":"post","link":"https:\/\/2horizontes.com\/?p=26742","title":{"rendered":"BlaBlaCar se reivindica como red social y acota su impacto en el autob\u00fas para evitar su cierre"},"content":{"rendered":"<p>&nbsp;<\/p>\n<p>La patronal del autob\u00fas, de su lado, dice que la plataforma intermedia servicios de transporte, dado que cobra una tasa de gesti\u00f3n a los usuarios, gestiona los pagos entre el conductor y los acompa\u00f1antes, y emite un recibo o justificante final al due\u00f1o del veh\u00edculo.<\/p>\n<p>En cuanto al impacto del coche compartido en el sector del transporte en autob\u00fas, BlaBlaCar indica que, seg\u00fan los informes encargados a expertos, es \u00abmarginal\u00bb, y en todo caso inferior al 0,3%. Por su parte, Confeb\u00fas calcula que la oferta de viajes que publica la web de BlaBlacar llega a suponer una media del 20% de la oferta de los servicios de autobuses en algunas de las principales rutas, como son las que unen Madrid con Valencia o Alicante, un porcentaje que se eleva hasta el 44% en fines de semana o fechas de alta demanda de movilidad.<\/p>\n<p>Estos son algunos de los argumentos que BlaBlaCar y Confeb\u00fas han expuesto ante el juez Andr\u00e9s S\u00e1nchez Magro en la vista celebrada este jueves para dirimir sobre la medida cautelar de suspensi\u00f3n de la actividad de la plataforma en Espa\u00f1a que la patronal del autob\u00fas solicita en la demanda que ha interpuesto contra la firma por supuesta competencia desleal.<\/p>\n<p>Una vez escuchadas a ambas partes en la vista de hoy, que se prolong\u00f3 por espacio de m\u00e1s de tres horas, el juez, el mismo que en su d\u00eda resolvi\u00f3 el cierre de Uber, decidir\u00e1 sobre dicha suspensi\u00f3n cautelar en las pr\u00f3ximas semanas.<\/p>\n<p>Tasas y aportaciones sin \u00e1nimo de lucro<br \/>\nEn su exposici\u00f3n, Confeb\u00fas denuncia que BlaBlaCar es \u00abclaramente\u00bb un intermediario de servicio de transporte sin contar con la pertinente licencia para ello.<\/p>\n<p>Basa su acusaci\u00f3n en el hecho de registra a los conductores que ofertan compartir su coche, les cobra una tasa de gesti\u00f3n, recibe el pago de los acompa\u00f1antes que luego abona al conductor, al que adem\u00e1s expide un &#8216;t\u00edcket&#8217; o justificante.<\/p>\n<p>Por su parte, la plataforma reconoce que cobra a quienes se registran en su web para compartir gastos de viaje una tasa en concepto de \u00abgastos de gesti\u00f3n\u00bb, destinada a \u00abmantener la plataforma\u00bb.<\/p>\n<p>La tasa tiene un importe fijo de 0,79 euros y otro variable, y en conjunto supone entre un 10% y un 20% del importe que pide el conductor de veh\u00edculo a sus potenciales acompa\u00f1antes.<\/p>\n","protected":false},"excerpt":{"rendered":"<p>&nbsp; La patronal del autob\u00fas, de su lado, dice que la plataforma intermedia servicios de transporte, dado que cobra una tasa de gesti\u00f3n a los usuarios, gestiona los pagos entre el conductor y los acompa\u00f1antes, y emite un recibo o justificante final al due\u00f1o del veh\u00edculo. En cuanto al impacto del coche compartido en el [&hellip;]<\/p>\n","protected":false},"author":3,"featured_media":26743,"comment_status":"open","ping_status":"open","sticky":false,"template":"","format":"standard","meta":{"footnotes":""},"categories":[85],"tags":[],"class_list":["post-26742","post","type-post","status-publish","format-standard","has-post-thumbnail","hentry","category-espana"],"_links":{"self":[{"href":"https:\/\/2horizontes.com\/index.php?rest_route=\/wp\/v2\/posts\/26742","targetHints":{"allow":["GET"]}}],"collection":[{"href":"https:\/\/2horizontes.com\/index.php?rest_route=\/wp\/v2\/posts"}],"about":[{"href":"https:\/\/2horizontes.com\/index.php?rest_route=\/wp\/v2\/types\/post"}],"author":[{"embeddable":true,"href":"https:\/\/2horizontes.com\/index.php?rest_route=\/wp\/v2\/users\/3"}],"replies":[{"embeddable":true,"href":"https:\/\/2horizontes.com\/index.php?rest_route=%2Fwp%2Fv2%2Fcomments&post=26742"}],"version-history":[{"count":2,"href":"https:\/\/2horizontes.com\/index.php?rest_route=\/wp\/v2\/posts\/26742\/revisions"}],"predecessor-version":[{"id":26745,"href":"https:\/\/2horizontes.com\/index.php?rest_route=\/wp\/v2\/posts\/26742\/revisions\/26745"}],"wp:featuredmedia":[{"embeddable":true,"href":"https:\/\/2horizontes.com\/index.php?rest_route=\/wp\/v2\/media\/26743"}],"wp:attachment":[{"href":"https:\/\/2horizontes.com\/index.php?rest_route=%2Fwp%2Fv2%2Fmedia&parent=26742"}],"wp:term":[{"taxonomy":"category","embeddable":true,"href":"https:\/\/2horizontes.com\/index.php?rest_route=%2Fwp%2Fv2%2Fcategories&post=26742"},{"taxonomy":"post_tag","embeddable":true,"href":"https:\/\/2horizontes.com\/index.php?rest_route=%2Fwp%2Fv2%2Ftags&post=26742"}],"curies":[{"name":"wp","href":"https:\/\/api.w.org\/{rel}","templated":true}]}}