{"id":2674,"date":"2014-10-14T14:13:48","date_gmt":"2014-10-14T14:13:48","guid":{"rendered":"http:\/\/2horizontes.com\/?p=2674"},"modified":"2014-10-14T14:13:48","modified_gmt":"2014-10-14T14:13:48","slug":"una-pistola-full-equipe-para-hacer-el-trabajo-sucio","status":"publish","type":"post","link":"https:\/\/2horizontes.com\/?p=2674","title":{"rendered":"\u201cUna pistola \u2018full equipe\u2019 para hacer el trabajo sucio\u201d"},"content":{"rendered":"<p><a href=\"http:\/\/2horizontes.com\/wp-content\/uploads\/2014\/10\/22.jpg\"><img loading=\"lazy\" decoding=\"async\" src=\"http:\/\/2horizontes.com\/wp-content\/uploads\/2014\/10\/22-300x200.jpg\" alt=\"2\" width=\"300\" height=\"200\" class=\"alignleft size-medium wp-image-2675\" srcset=\"https:\/\/2horizontes.com\/wp-content\/uploads\/2014\/10\/22-300x200.jpg 300w, https:\/\/2horizontes.com\/wp-content\/uploads\/2014\/10\/22-510x340.jpg 510w, https:\/\/2horizontes.com\/wp-content\/uploads\/2014\/10\/22.jpg 560w\" sizes=\"auto, (max-width: 300px) 100vw, 300px\" \/><\/a><\/p>\n<p>Murcia Madrid.-Las grabaciones efectuadas a los seis polic\u00edas acusados de matar a un hombre el pasado marzo en una playa de Cartagena ponen de relieve la violencia con la que actuaban varios de los agentes ahora encarcelados y tambi\u00e9n dieron pistas a la juez de instrucci\u00f3n n\u00famero 4 de Cartagena Mar\u00eda Antonia Mart\u00ednez, para imputarles otros delitos. A J.A.C.G. \u2014polic\u00eda de 33 a\u00f1os, uno de los seis que llevaron a una cala alejada del centro urbano a un hombre que le pidi\u00f3 ayuda y apareci\u00f3 muerto flotando en el agua dos semanas despu\u00e9s\u2014el auto de prisi\u00f3n le atribuye adem\u00e1s de homicidio, posesi\u00f3n ilegal de armas.<\/p>\n<p> Las conversaciones captadas por los micr\u00f3fonos que se colocaron en los coches patrulla para esclarecer la muerte del vecino de Las Seiscientas, un barrio marginal de Cartagena, sirvieron de pista. En la charla que mantuvieron el 19 de jnio mientras patrullaban de madrugada (a las 2:37 horas) dos de los agentes encarcelados J. A. C. G. y J.L.S.A., el primero de ellos se jacta de tener en su mano una pistola antigua y sin registrar para hacer los \u201ctrabajos sucios\u201d. Lo que sigue es un tramo de la conversaci\u00f3n con la transcripci\u00f3n literal llevada a cabo por del equipo de investigaci\u00f3n de Asuntos Internos que ha sido incorporada al sumario<\/p>\n<p>J.A. De esas del nueve corto quiero yo balas.<\/p>\n<p>J. L. \u00bfTe, te valen paara el rev\u00f3lver?<\/p>\n<p>J.A. Para otra pistola que&#8230; (ininteligible).<\/p>\n<p>J. L. Para all\u00ed para el campo, \u00bfno?<\/p>\n<p>J. A. Esa es la pistola para hacer los, el trabajo sucio, nene. Una pistolica que tengo yo ah\u00ed&#8230; full, full equipe. Es de la Guerra Civil, as\u00ed estilo nazi.<\/p>\n<p>J. L. La tienes sin papeles ni&#8230;<\/p>\n<p>J. A. Y \u00a1eso qu\u00e9 papeles ni capullo va a tener! Eso lo meten en la Base y ha sido Franco el que ha disparado. Ha sido Primo de Rivera el que ha matao a este t\u00edo. (Bosteza).<\/p>\n<p>Cuando fue interrogado por sus compa\u00f1eros de Asuntos Internos el 6 de octubre a las 23 horas en dependencias de la Jefatura Superior de Polic\u00eda de Murcia, J.A.G.C. neg\u00f3 no solo que dispusiese de arma alguna distinta a la reglamentaria sino tambi\u00e9n que hubiera contado a su compa\u00f1ero de turno que la pistola era suya.<\/p>\n<p>Seg\u00fan figura en su declaraci\u00f3n ante la polic\u00eda incorporada al sumario, el agente arrestado \u201cdeclar\u00f3 que su padre est\u00e1 en posesi\u00f3n legalmente de un [rev\u00f3lver] 9 corto, que era de su abuelo y que en alg\u00fan momento leg ustr\u00eda que pasase a su propiedad\u201d.<\/p>\n<p>Ante la juez, dos d\u00edas m\u00e1s tarde, repiti\u00f3 ese relato. Pese a ello el auto de prisi\u00f3n le atribuye la posesi\u00f3n il\u00edcita de armas junto a los delitos de homicidio y detenci\u00f3n ilegal que se le imputan a sus cinco compa\u00f1eros.<\/p>\n<p>Los micros colocados en los coches patrulla captaron tambi\u00e9n una agresi\u00f3n del mismo agente, J.A.G.C a un peque\u00f1o traficante de drogas y su plan para dar una paliza a un indigente que aparca coches en Cartagena a cambio de propinas.<\/p>\n","protected":false},"excerpt":{"rendered":"<p>Murcia Madrid.-Las grabaciones efectuadas a los seis polic\u00edas acusados de matar a un hombre el pasado marzo en una playa de Cartagena ponen de relieve la violencia con la que actuaban varios de los agentes ahora encarcelados y tambi\u00e9n dieron pistas a la juez de instrucci\u00f3n n\u00famero 4 de Cartagena Mar\u00eda Antonia Mart\u00ednez, para imputarles [&hellip;]<\/p>\n","protected":false},"author":1,"featured_media":0,"comment_status":"open","ping_status":"open","sticky":false,"template":"","format":"standard","meta":{"footnotes":""},"categories":[1],"tags":[],"class_list":["post-2674","post","type-post","status-publish","format-standard","hentry","category-entretenimiento"],"_links":{"self":[{"href":"https:\/\/2horizontes.com\/index.php?rest_route=\/wp\/v2\/posts\/2674","targetHints":{"allow":["GET"]}}],"collection":[{"href":"https:\/\/2horizontes.com\/index.php?rest_route=\/wp\/v2\/posts"}],"about":[{"href":"https:\/\/2horizontes.com\/index.php?rest_route=\/wp\/v2\/types\/post"}],"author":[{"embeddable":true,"href":"https:\/\/2horizontes.com\/index.php?rest_route=\/wp\/v2\/users\/1"}],"replies":[{"embeddable":true,"href":"https:\/\/2horizontes.com\/index.php?rest_route=%2Fwp%2Fv2%2Fcomments&post=2674"}],"version-history":[{"count":1,"href":"https:\/\/2horizontes.com\/index.php?rest_route=\/wp\/v2\/posts\/2674\/revisions"}],"predecessor-version":[{"id":2676,"href":"https:\/\/2horizontes.com\/index.php?rest_route=\/wp\/v2\/posts\/2674\/revisions\/2676"}],"wp:attachment":[{"href":"https:\/\/2horizontes.com\/index.php?rest_route=%2Fwp%2Fv2%2Fmedia&parent=2674"}],"wp:term":[{"taxonomy":"category","embeddable":true,"href":"https:\/\/2horizontes.com\/index.php?rest_route=%2Fwp%2Fv2%2Fcategories&post=2674"},{"taxonomy":"post_tag","embeddable":true,"href":"https:\/\/2horizontes.com\/index.php?rest_route=%2Fwp%2Fv2%2Ftags&post=2674"}],"curies":[{"name":"wp","href":"https:\/\/api.w.org\/{rel}","templated":true}]}}