{"id":26739,"date":"2015-10-02T09:44:59","date_gmt":"2015-10-02T08:44:59","guid":{"rendered":"http:\/\/2horizontes.com\/?p=26739"},"modified":"2015-10-02T09:44:59","modified_gmt":"2015-10-02T08:44:59","slug":"el-paro-sube-en-26-087-personas-y-se-situa-en-4-094-042-desempleados","status":"publish","type":"post","link":"https:\/\/2horizontes.com\/?p=26739","title":{"rendered":"El paro sube en 26.087 personas y se sit\u00faa en 4.094.042 desempleados"},"content":{"rendered":"<p>El n\u00famero de parados registrados en las oficinas de los servicios p\u00fablicos de empleo (antiguo Inem) aument\u00f3 en 26.087 personas en septiembre, un 0,64% respecto al mes anterior, hasta situarse el total de desempleados en 4.094.042 personas, ha informado este viernes el Ministerio de Empleo y Seguridad Social.<\/p>\n<p>Este repunte, con el que se encadenan dos meses consecutivos de ascensos, supera el registrado en septiembre de 2014 (19.720 parados m\u00e1s) y es similar al de 2013 (25.572 desempleados). Septiembre suele registrar subidas del paro por el fin de la temporada estival.<\/p>\n<p>En toda la serie, iniciada en 1996, s\u00f3lo se han producido tres descensos este mes, en los a\u00f1os 2005, 2006 y 2007.<\/p>\n<p>En este sentido, el Ministerio de Empleo resalta que el incremento del paro registrado en septiembre de este a\u00f1o supone la mitad del aumento medio experimentado en este mes durante los \u00faltimos ocho a\u00f1os (54.207 parados).<\/p>\n<p>En t\u00e9rminos desestacionalizados, el paro registrado cay\u00f3 en 9.746 personas en el mes de septiembre. De esta forma, el desempleo desestacionalizado ha descendido en 27 de los \u00faltimos 29 meses, seg\u00fan destaca Empleo.<\/p>\n<p>En el \u00faltimo a\u00f1o, el paro acumula un descenso de 353.608 personas, el mejor resultado en un mes de septiembre dentro de la serie hist\u00f3rica. La reducci\u00f3n interanual del desempleo se situ\u00f3 as\u00ed en el 7,95%, tasa que no se alcanzaba en un mes de septiembre desde el a\u00f1o 1999.<\/p>\n<p>El paro aument\u00f3 en septiembre en dos sectores econ\u00f3micos: los servicios, que sumaron 43.155 desempleados m\u00e1s (+1,6%), y el colectivo sin empleo anterior, donde se registraron 9.310 parados m\u00e1s (+2,6%). Por el contrario, descendi\u00f3 en la agricultura (\u00ad12.447 desempleados, \u00ad6,4%), la construcci\u00f3n (\u00ad9.902 parados, \u00ad2,1%), y la industria (\u00ad4.029 desempleados, \u00ad1%).<\/p>\n<p>En septiembre se registraron 1.795.742 contratos, un 9,9% m\u00e1s que en el mismo mes de 2014. De esta cantidad, 152.928 contratos, el equivalente al 8,5% del total, fueron de car\u00e1cter indefinido, la cifra m\u00e1s alta de contratos fijos desde octubre de 2008 y un 10,4% superior a la de septiembre del a\u00f1o pasado.<\/p>\n","protected":false},"excerpt":{"rendered":"<p>El n\u00famero de parados registrados en las oficinas de los servicios p\u00fablicos de empleo (antiguo Inem) aument\u00f3 en 26.087 personas en septiembre, un 0,64% respecto al mes anterior, hasta situarse el total de desempleados en 4.094.042 personas, ha informado este viernes el Ministerio de Empleo y Seguridad Social. Este repunte, con el que se encadenan [&hellip;]<\/p>\n","protected":false},"author":3,"featured_media":26740,"comment_status":"open","ping_status":"open","sticky":false,"template":"","format":"standard","meta":{"footnotes":""},"categories":[85],"tags":[],"class_list":["post-26739","post","type-post","status-publish","format-standard","has-post-thumbnail","hentry","category-espana"],"_links":{"self":[{"href":"https:\/\/2horizontes.com\/index.php?rest_route=\/wp\/v2\/posts\/26739","targetHints":{"allow":["GET"]}}],"collection":[{"href":"https:\/\/2horizontes.com\/index.php?rest_route=\/wp\/v2\/posts"}],"about":[{"href":"https:\/\/2horizontes.com\/index.php?rest_route=\/wp\/v2\/types\/post"}],"author":[{"embeddable":true,"href":"https:\/\/2horizontes.com\/index.php?rest_route=\/wp\/v2\/users\/3"}],"replies":[{"embeddable":true,"href":"https:\/\/2horizontes.com\/index.php?rest_route=%2Fwp%2Fv2%2Fcomments&post=26739"}],"version-history":[{"count":1,"href":"https:\/\/2horizontes.com\/index.php?rest_route=\/wp\/v2\/posts\/26739\/revisions"}],"predecessor-version":[{"id":26741,"href":"https:\/\/2horizontes.com\/index.php?rest_route=\/wp\/v2\/posts\/26739\/revisions\/26741"}],"wp:featuredmedia":[{"embeddable":true,"href":"https:\/\/2horizontes.com\/index.php?rest_route=\/wp\/v2\/media\/26740"}],"wp:attachment":[{"href":"https:\/\/2horizontes.com\/index.php?rest_route=%2Fwp%2Fv2%2Fmedia&parent=26739"}],"wp:term":[{"taxonomy":"category","embeddable":true,"href":"https:\/\/2horizontes.com\/index.php?rest_route=%2Fwp%2Fv2%2Fcategories&post=26739"},{"taxonomy":"post_tag","embeddable":true,"href":"https:\/\/2horizontes.com\/index.php?rest_route=%2Fwp%2Fv2%2Ftags&post=26739"}],"curies":[{"name":"wp","href":"https:\/\/api.w.org\/{rel}","templated":true}]}}