{"id":26736,"date":"2015-10-02T01:19:18","date_gmt":"2015-10-02T00:19:18","guid":{"rendered":"http:\/\/2horizontes.com\/?p=26736"},"modified":"2015-10-02T01:19:18","modified_gmt":"2015-10-02T00:19:18","slug":"tres-meses-de-prision-para-regidor-por-muerte-de-teniente","status":"publish","type":"post","link":"https:\/\/2horizontes.com\/?p=26736","title":{"rendered":"Tres meses de prisi\u00f3n para regidor por muerte de teniente"},"content":{"rendered":"<div id=\"stcpDiv\">\n<p>RD-SANTO DOMINGO-El Tribunal de Atenci\u00f3n Permanente de la provincia Santo Domingo dict\u00f3 este jueves tres meses de prisi\u00f3n contra el regidor Ericsson de los Santos Sol\u00eds, acusado de la muerte del primer teniente de la Polic\u00eda D\u2019Oleo Montero, ocurrida el 11 de julio 2006.<\/p>\n<p>De los Santos Sol\u00eds deber\u00e1 cumplir la medida en San Pedro de Macor\u00eds donde ya guarda prisi\u00f3n acusado de sicariato contra dos choferes afiliados a Fenatrano.<\/p>\n<p>Ayer, la Fiscal\u00eda del Distrito Nacional inform\u00f3 \u00a0que presentar\u00e1 acusaci\u00f3n contra el regidor de Pedro Brand por alegadamente dirigir\u00a0una red de sicarios que mat\u00f3 a dos ch\u00f3feres afiliados a Fenatrano.<\/p>\n<p>Ericson de Los Santos es imputado por su alegada participaci\u00f3n activa en los asesinatos de Mateo Nieve de Jes\u00fas, \u00a0Overnys Guerrero y \u00c1ngel Javier.<\/p>\n<p>Adem\u00e1s se le imputa la tentativa de asesinato en contra de Ram\u00f3n Antonio Pe\u00f1a Beltr\u00e9, Manuel Emilio Romero y Eddy Francisco S\u00e1nchez.<\/p>\n<\/div>\n","protected":false},"excerpt":{"rendered":"<p>RD-SANTO DOMINGO-El Tribunal de Atenci\u00f3n Permanente de la provincia Santo Domingo dict\u00f3 este jueves tres meses de prisi\u00f3n contra el regidor Ericsson de los Santos Sol\u00eds, acusado de la muerte del primer teniente de la Polic\u00eda D\u2019Oleo Montero, ocurrida el 11 de julio 2006. De los Santos Sol\u00eds deber\u00e1 cumplir la medida en San Pedro [&hellip;]<\/p>\n","protected":false},"author":8,"featured_media":26737,"comment_status":"open","ping_status":"open","sticky":false,"template":"","format":"standard","meta":{"footnotes":""},"categories":[44],"tags":[],"class_list":["post-26736","post","type-post","status-publish","format-standard","has-post-thumbnail","hentry","category-republica-dominicana"],"_links":{"self":[{"href":"https:\/\/2horizontes.com\/index.php?rest_route=\/wp\/v2\/posts\/26736","targetHints":{"allow":["GET"]}}],"collection":[{"href":"https:\/\/2horizontes.com\/index.php?rest_route=\/wp\/v2\/posts"}],"about":[{"href":"https:\/\/2horizontes.com\/index.php?rest_route=\/wp\/v2\/types\/post"}],"author":[{"embeddable":true,"href":"https:\/\/2horizontes.com\/index.php?rest_route=\/wp\/v2\/users\/8"}],"replies":[{"embeddable":true,"href":"https:\/\/2horizontes.com\/index.php?rest_route=%2Fwp%2Fv2%2Fcomments&post=26736"}],"version-history":[{"count":1,"href":"https:\/\/2horizontes.com\/index.php?rest_route=\/wp\/v2\/posts\/26736\/revisions"}],"predecessor-version":[{"id":26738,"href":"https:\/\/2horizontes.com\/index.php?rest_route=\/wp\/v2\/posts\/26736\/revisions\/26738"}],"wp:featuredmedia":[{"embeddable":true,"href":"https:\/\/2horizontes.com\/index.php?rest_route=\/wp\/v2\/media\/26737"}],"wp:attachment":[{"href":"https:\/\/2horizontes.com\/index.php?rest_route=%2Fwp%2Fv2%2Fmedia&parent=26736"}],"wp:term":[{"taxonomy":"category","embeddable":true,"href":"https:\/\/2horizontes.com\/index.php?rest_route=%2Fwp%2Fv2%2Fcategories&post=26736"},{"taxonomy":"post_tag","embeddable":true,"href":"https:\/\/2horizontes.com\/index.php?rest_route=%2Fwp%2Fv2%2Ftags&post=26736"}],"curies":[{"name":"wp","href":"https:\/\/api.w.org\/{rel}","templated":true}]}}