{"id":2671,"date":"2014-10-14T14:02:38","date_gmt":"2014-10-14T14:02:38","guid":{"rendered":"http:\/\/2horizontes.com\/?p=2671"},"modified":"2014-10-14T14:02:38","modified_gmt":"2014-10-14T14:02:38","slug":"icv-se-desmarca-de-mas-y-da-por-roto-el-pacto-por-la-consulta","status":"publish","type":"post","link":"https:\/\/2horizontes.com\/?p=2671","title":{"rendered":"ICV se desmarca de Mas y da por roto el pacto por la consulta"},"content":{"rendered":"<p>Los ecosocialistas acusan a Mas de convertir el 9-N en el primer acto de las plebiscitarias<\/p>\n<p><a href=\"http:\/\/2horizontes.com\/wp-content\/uploads\/2014\/10\/15.jpg\"><img loading=\"lazy\" decoding=\"async\" src=\"http:\/\/2horizontes.com\/wp-content\/uploads\/2014\/10\/15-300x183.jpg\" alt=\"1\" width=\"300\" height=\"183\" class=\"alignleft size-medium wp-image-2672\" srcset=\"https:\/\/2horizontes.com\/wp-content\/uploads\/2014\/10\/15-300x183.jpg 300w, https:\/\/2horizontes.com\/wp-content\/uploads\/2014\/10\/15-510x312.jpg 510w, https:\/\/2horizontes.com\/wp-content\/uploads\/2014\/10\/15.jpg 560w\" sizes=\"auto, (max-width: 300px) 100vw, 300px\" \/><\/a><\/p>\n<p>Madrid.-Iniciativa per Catalunya se ha desmarcado abiertamente de la propuesta de proceso de participaci\u00f3n planteado por Artur Mas para conseguir que los ciudadanos acudan a las urnas el 9-N. Joan Herrera, l\u00edder ecosocialista, ha dado por roto el acuerdo unitario de las cuatro fuerzas soberanistas porque lo que propone el presidente catal\u00e1n no es ni un refer\u00e9ndum ni una consulta. \u201cEs otra cosa. Y el presidente ha convertido el 9-N en el primer acto de precampa\u00f1a de las plebiscitarias. Es un acuerdo consigo mismo y no es de recibo\u201d, ha lamentado Herrera.<\/p>\n<p>El ecosocialista ha vaticinado que la f\u00f3rmula de Mas tendr\u00e1 un \u201ccorto recorrido\u201d porque seguramente ser\u00e1 bloqueada por el Gobierno central y ha defendido que la consulta original no puede ser degradada por sus propios promotores porque de ninguna manera reunir\u00e1 las m\u00ednimas garant\u00edas democr\u00e1ticas. \u201cEs un autogol\u201d, ha remachado. Y ha revelado que uno de los t\u00e9cnicos de la Generalitat dijo en unas de las cumbres de los partidos soberanistas que la alternativa de Mas no tendr\u00eda ni \u201cgarant\u00edas democr\u00e1ticas\u201d ni \u201ccredibilidad internacional\u201d.<\/p>\n<p>Frente al nuevo plan de Mas, Iniciativa sugiere este escenario: que los ciudadanos acudan el 9-N a los colegios electorales, que estar\u00e1n cerrados, para recoger firmas que denuncien que el Gobierno de Mariano Rajoy ha vulnerado el derecho fundamental de votar para que el mensaje llegue a las instituciones europeas. \u201cA ver si as\u00ed se le cae la cara de verg\u00fcenza\u201d, ha afirmado.<\/p>\n<p>De forma en\u00e9rgica, Herrera ha querido insistir que lo que impulsa Artur Mas no es una consulta sino una simple \u201cmovilizaci\u00f3n\u201d que entra\u00f1a el riesgo de quemar para \u201cdiez a\u00f1os\u201d una alternativa por un simple c\u00e1lculo electoral. Pese a todo, Iniciativa ha cargado duramente contra el Partido Popular al que ha acusado en primer lugar de poner las trabas para ejercer un derecho democr\u00e1tico. \u201cRajoy no merece una buena noticia el 9-N. Merece una respuesta unitaria y cuantificable de la ciudadan\u00eda\u201d, ha deslizado.<\/p>\n<p>M\u00e1s cr\u00edtico, el senador Joan Josep Nuet, de Esquerra Unida Alternativa, ha deslizado que Mas no ha podido o \u201cno ha querido\u201d organizar la consulta al insinuar que parte de su Ejecutivo ha incumplido algunos de los preceptos. \u201cO no quer\u00edan o son de una incompetencia supina\u201d, ha dicho descalificando las elecciones plebiscitarias se\u00f1alando que la eventual candidatura patri\u00f3tica de patri\u00f3tica no tiene nada. \u201cEs la candidatura patri\u00f3tica de los recortes. Solo son los intereses partidistas o particulares de un presidente que vemos m\u00e1s acabado que nunca. Ha pervertido este proceso desde el minuto cero\u201d.<\/p>\n","protected":false},"excerpt":{"rendered":"<p>Los ecosocialistas acusan a Mas de convertir el 9-N en el primer acto de las plebiscitarias Madrid.-Iniciativa per Catalunya se ha desmarcado abiertamente de la propuesta de proceso de participaci\u00f3n planteado por Artur Mas para conseguir que los ciudadanos acudan a las urnas el 9-N. Joan Herrera, l\u00edder ecosocialista, ha dado por roto el acuerdo [&hellip;]<\/p>\n","protected":false},"author":1,"featured_media":0,"comment_status":"open","ping_status":"open","sticky":false,"template":"","format":"standard","meta":{"footnotes":""},"categories":[1],"tags":[],"class_list":["post-2671","post","type-post","status-publish","format-standard","hentry","category-entretenimiento"],"_links":{"self":[{"href":"https:\/\/2horizontes.com\/index.php?rest_route=\/wp\/v2\/posts\/2671","targetHints":{"allow":["GET"]}}],"collection":[{"href":"https:\/\/2horizontes.com\/index.php?rest_route=\/wp\/v2\/posts"}],"about":[{"href":"https:\/\/2horizontes.com\/index.php?rest_route=\/wp\/v2\/types\/post"}],"author":[{"embeddable":true,"href":"https:\/\/2horizontes.com\/index.php?rest_route=\/wp\/v2\/users\/1"}],"replies":[{"embeddable":true,"href":"https:\/\/2horizontes.com\/index.php?rest_route=%2Fwp%2Fv2%2Fcomments&post=2671"}],"version-history":[{"count":1,"href":"https:\/\/2horizontes.com\/index.php?rest_route=\/wp\/v2\/posts\/2671\/revisions"}],"predecessor-version":[{"id":2673,"href":"https:\/\/2horizontes.com\/index.php?rest_route=\/wp\/v2\/posts\/2671\/revisions\/2673"}],"wp:attachment":[{"href":"https:\/\/2horizontes.com\/index.php?rest_route=%2Fwp%2Fv2%2Fmedia&parent=2671"}],"wp:term":[{"taxonomy":"category","embeddable":true,"href":"https:\/\/2horizontes.com\/index.php?rest_route=%2Fwp%2Fv2%2Fcategories&post=2671"},{"taxonomy":"post_tag","embeddable":true,"href":"https:\/\/2horizontes.com\/index.php?rest_route=%2Fwp%2Fv2%2Ftags&post=2671"}],"curies":[{"name":"wp","href":"https:\/\/api.w.org\/{rel}","templated":true}]}}