{"id":26508,"date":"2015-09-30T20:43:51","date_gmt":"2015-09-30T19:43:51","guid":{"rendered":"http:\/\/2horizontes.com\/?p=26508"},"modified":"2015-09-30T20:43:51","modified_gmt":"2015-09-30T19:43:51","slug":"un-agente-de-la-unidad-linces-de-la-policia-muere-en-la-romana-cuando-perseguia-a-otro-motorista","status":"publish","type":"post","link":"https:\/\/2horizontes.com\/?p=26508","title":{"rendered":"Un agente, de la unidad Linces de la Polic\u00eda, muere en La Romana cuando persegu\u00eda a otro motorista"},"content":{"rendered":"<div id=\"ArticleBody\">\n<p>RD- LA ROMANA-Un cabo de la Polic\u00eda Nacional, que pertenec\u00eda a la unidad Los Linces,\u00a0 muri\u00f3 al accidentarse\u00a0 durante una persecuci\u00f3n contra dos hombres que se desplazaban en una motocicleta en el\u00a0 sector Pica Piedra, del municipio Villa Hermosa.<\/p>\n<p>Jos\u00edas de Castro Garc\u00eda y el raso Luis Esteban P\u00e9rez, que viajaban\u00a0 a bordo de una motocicleta de la Unidad\u00a0 Los Linces, chocaron contra un veh\u00edculo similar que se les atraves\u00f3 durante la persecuci\u00f3n.<\/p>\n<p>De acuerdo al parte policial, la v\u00edctima muri\u00f3 debido a trauma craneal severo, mientras su acompa\u00f1ante sufri\u00f3 traumatismo en diversas partes del cuerpo, siendo referido al Hospital de la Polic\u00eda Nacional en Santo Domingo.<\/p>\n<p>El conductor de la otra motocicleta, Alcib\u00edades Feliciano Cordero, de 26 a\u00f1os, result\u00f3\u00a0 con trauma craneal severo.<\/p>\n<p>La colisi\u00f3n ocurri\u00f3, cuando los polic\u00edas notaron que\u00a0 dos hombres ten\u00edan un perfil sospechoso y que, alegadamente, el ocupante de la parte trasera empu\u00f1aba un arma de fuego.<\/p>\n<p>El cabo Jos\u00edas de Castro Garc\u00eda era de San Pedro de Macor\u00eds, donde residen sus familiares. Mientras se espera que la Direcci\u00f3n Regional Este de la Polic\u00eda, con asiento en La Romana, ampl\u00ede los detalles con relaci\u00f3n al suceso.<\/p>\n<\/div>\n","protected":false},"excerpt":{"rendered":"<p>RD- LA ROMANA-Un cabo de la Polic\u00eda Nacional, que pertenec\u00eda a la unidad Los Linces,\u00a0 muri\u00f3 al accidentarse\u00a0 durante una persecuci\u00f3n contra dos hombres que se desplazaban en una motocicleta en el\u00a0 sector Pica Piedra, del municipio Villa Hermosa. Jos\u00edas de Castro Garc\u00eda y el raso Luis Esteban P\u00e9rez, que viajaban\u00a0 a bordo de una [&hellip;]<\/p>\n","protected":false},"author":8,"featured_media":26509,"comment_status":"open","ping_status":"open","sticky":false,"template":"","format":"standard","meta":{"footnotes":""},"categories":[53,44],"tags":[],"class_list":["post-26508","post","type-post","status-publish","format-standard","has-post-thumbnail","hentry","category-provincias","category-republica-dominicana"],"_links":{"self":[{"href":"https:\/\/2horizontes.com\/index.php?rest_route=\/wp\/v2\/posts\/26508","targetHints":{"allow":["GET"]}}],"collection":[{"href":"https:\/\/2horizontes.com\/index.php?rest_route=\/wp\/v2\/posts"}],"about":[{"href":"https:\/\/2horizontes.com\/index.php?rest_route=\/wp\/v2\/types\/post"}],"author":[{"embeddable":true,"href":"https:\/\/2horizontes.com\/index.php?rest_route=\/wp\/v2\/users\/8"}],"replies":[{"embeddable":true,"href":"https:\/\/2horizontes.com\/index.php?rest_route=%2Fwp%2Fv2%2Fcomments&post=26508"}],"version-history":[{"count":1,"href":"https:\/\/2horizontes.com\/index.php?rest_route=\/wp\/v2\/posts\/26508\/revisions"}],"predecessor-version":[{"id":26510,"href":"https:\/\/2horizontes.com\/index.php?rest_route=\/wp\/v2\/posts\/26508\/revisions\/26510"}],"wp:featuredmedia":[{"embeddable":true,"href":"https:\/\/2horizontes.com\/index.php?rest_route=\/wp\/v2\/media\/26509"}],"wp:attachment":[{"href":"https:\/\/2horizontes.com\/index.php?rest_route=%2Fwp%2Fv2%2Fmedia&parent=26508"}],"wp:term":[{"taxonomy":"category","embeddable":true,"href":"https:\/\/2horizontes.com\/index.php?rest_route=%2Fwp%2Fv2%2Fcategories&post=26508"},{"taxonomy":"post_tag","embeddable":true,"href":"https:\/\/2horizontes.com\/index.php?rest_route=%2Fwp%2Fv2%2Ftags&post=26508"}],"curies":[{"name":"wp","href":"https:\/\/api.w.org\/{rel}","templated":true}]}}