{"id":26444,"date":"2015-09-30T17:09:57","date_gmt":"2015-09-30T16:09:57","guid":{"rendered":"http:\/\/2horizontes.com\/?p=26444"},"modified":"2015-09-30T17:09:57","modified_gmt":"2015-09-30T16:09:57","slug":"verstappen-ya-puede-conducir-en-la-calle-tras-sacarse-el-carne","status":"publish","type":"post","link":"https:\/\/2horizontes.com\/?p=26444","title":{"rendered":"Verstappen ya puede conducir en la calle tras sacarse el carn\u00e9"},"content":{"rendered":"<p>Apto para conducir. \u00a1Nacido para correr!\u00bb, ha escrito el piloto holand\u00e9s de Toro Rosso, que hoy cumple 18 a\u00f1os, en su cuenta de Twitter.<\/p>\n<p>Era uno de los objetivos de Max Verstappen en 2015 y nada ten\u00eda que ver con los grandes premios.<\/p>\n<p>Se trataba se sacarse el carn\u00e9 de conducir, algo para lo que el holand\u00e9s esperaba ansioso a tener 18 a\u00f1os. Pues bien, hoy los celebra y la licencia ha sido uno de sus primeros regalos de cumplea\u00f1os.<\/p>\n<p>Apto para conducir. \u00a1Nacido para correr!\u00bb, ha escrito el de Toro Rosso en su cuenta de Twitter.<\/p>\n<p>Verstappen luce, c\u00f3mo no, a los mandos de un Renault, concretamente de uno de los modelos del fabricante de su equipo, un Clio RS.<\/p>\n<p>Max ya aprob\u00f3 el te\u00f3rico durante el par\u00f3n veraniego de la F\u00f3rmula 1, pero aguardaba al 30 de septiembre de 2015 para superar la parte pr\u00e1ctica. \u00abYa he hecho el examen te\u00f3rico, as\u00ed que ahora tengo que esperar a que tenga los 18 para hacer el test pr\u00e1ctico.<\/p>\n<p>La ley de B\u00e9lgica, que es donde vivo, exige que tengas un m\u00ednimo de seis o siete horas de conducci\u00f3n. Espero que eso sea todo lo que necesite\u00bb, afirm\u00f3 hace unas semanas a la CNN.<\/p>\n<p>Verstappen se convirti\u00f3 en 2014 en el piloto m\u00e1s joven de la historia en ponerse a los mandos de un F-1 en la primera sesi\u00f3n de entrenamientos del GP de Jap\u00f3n: ten\u00eda 17 a\u00f1os y 3 d\u00edas.<br \/>\nCon lo que no contaba Verstappen era con pasar nervios al volante durante el examen de conducir.<\/p>\n<p>Debo admitir que es un alivio pasar el examen. Estaba un poco nervioso de cometer errores, pero todo sali\u00f3 bien\u00bb, comenta el compa\u00f1ero de Carlos Sainz en Toro Rosso, que pese a ir \u00abmuy c\u00f3modo\u00bb en el asiento de pasajero, reconoce que el carn\u00e9 le permite mayor libertad: \u00abSi quiero ir a alguna parte solo, al menos ahora puedo subirme a mi Renault Clio RS y ya est\u00e1. Esa sensaci\u00f3n de libertad es genial\u00bb.<\/p>\n","protected":false},"excerpt":{"rendered":"<p>Apto para conducir. \u00a1Nacido para correr!\u00bb, ha escrito el piloto holand\u00e9s de Toro Rosso, que hoy cumple 18 a\u00f1os, en su cuenta de Twitter. Era uno de los objetivos de Max Verstappen en 2015 y nada ten\u00eda que ver con los grandes premios. Se trataba se sacarse el carn\u00e9 de conducir, algo para lo que [&hellip;]<\/p>\n","protected":false},"author":3,"featured_media":26445,"comment_status":"open","ping_status":"open","sticky":false,"template":"","format":"standard","meta":{"footnotes":""},"categories":[42],"tags":[],"class_list":["post-26444","post","type-post","status-publish","format-standard","has-post-thumbnail","hentry","category-deportes"],"_links":{"self":[{"href":"https:\/\/2horizontes.com\/index.php?rest_route=\/wp\/v2\/posts\/26444","targetHints":{"allow":["GET"]}}],"collection":[{"href":"https:\/\/2horizontes.com\/index.php?rest_route=\/wp\/v2\/posts"}],"about":[{"href":"https:\/\/2horizontes.com\/index.php?rest_route=\/wp\/v2\/types\/post"}],"author":[{"embeddable":true,"href":"https:\/\/2horizontes.com\/index.php?rest_route=\/wp\/v2\/users\/3"}],"replies":[{"embeddable":true,"href":"https:\/\/2horizontes.com\/index.php?rest_route=%2Fwp%2Fv2%2Fcomments&post=26444"}],"version-history":[{"count":1,"href":"https:\/\/2horizontes.com\/index.php?rest_route=\/wp\/v2\/posts\/26444\/revisions"}],"predecessor-version":[{"id":26446,"href":"https:\/\/2horizontes.com\/index.php?rest_route=\/wp\/v2\/posts\/26444\/revisions\/26446"}],"wp:featuredmedia":[{"embeddable":true,"href":"https:\/\/2horizontes.com\/index.php?rest_route=\/wp\/v2\/media\/26445"}],"wp:attachment":[{"href":"https:\/\/2horizontes.com\/index.php?rest_route=%2Fwp%2Fv2%2Fmedia&parent=26444"}],"wp:term":[{"taxonomy":"category","embeddable":true,"href":"https:\/\/2horizontes.com\/index.php?rest_route=%2Fwp%2Fv2%2Fcategories&post=26444"},{"taxonomy":"post_tag","embeddable":true,"href":"https:\/\/2horizontes.com\/index.php?rest_route=%2Fwp%2Fv2%2Ftags&post=26444"}],"curies":[{"name":"wp","href":"https:\/\/api.w.org\/{rel}","templated":true}]}}