{"id":26421,"date":"2015-09-30T15:48:04","date_gmt":"2015-09-30T14:48:04","guid":{"rendered":"http:\/\/2horizontes.com\/?p=26421"},"modified":"2015-09-30T15:48:04","modified_gmt":"2015-09-30T14:48:04","slug":"paco-arcadio-no-me-considero-un-terrorista","status":"publish","type":"post","link":"https:\/\/2horizontes.com\/?p=26421","title":{"rendered":"Paco Arcadio No me considero un terrorista"},"content":{"rendered":"<p>El combatiente contra el Estado Isl\u00e1mico conversa con Risto Mejide y trata de defender su postura en &#8216;Al rinc\u00f3n&#8217;. Est\u00e1 de acuerdo con coger las armas siempre que se produzca \u00abuna represi\u00f3n brutal contra el pueblo\u00bb. Paco Arcadio enumera a los agravios que el pueblo kurdo sufri\u00f3 supuestamente bajo el mandato de Bashar al-Assad.<\/p>\n<p>El combatiente contra el autodenominado Estado Isl\u00e1mico narra c\u00f3mo y por qu\u00e9 se entreg\u00f3 a la Justicia espa\u00f1ola. No se arrepiente de haber luchado junto a los kurdos en siria, y habla de que se hac\u00eda \u00abresponsable\u00bb de sus actos, de los que se muestra \u00aborgulloso\u00bb. Adem\u00e1s, niega que pertenezca a la asociaci\u00f3n terrorista PKK.<\/p>\n","protected":false},"excerpt":{"rendered":"<p>El combatiente contra el Estado Isl\u00e1mico conversa con Risto Mejide y trata de defender su postura en &#8216;Al rinc\u00f3n&#8217;. Est\u00e1 de acuerdo con coger las armas siempre que se produzca \u00abuna represi\u00f3n brutal contra el pueblo\u00bb. Paco Arcadio enumera a los agravios que el pueblo kurdo sufri\u00f3 supuestamente bajo el mandato de Bashar al-Assad. El [&hellip;]<\/p>\n","protected":false},"author":3,"featured_media":26422,"comment_status":"open","ping_status":"open","sticky":false,"template":"","format":"standard","meta":{"footnotes":""},"categories":[85],"tags":[],"class_list":["post-26421","post","type-post","status-publish","format-standard","has-post-thumbnail","hentry","category-espana"],"_links":{"self":[{"href":"https:\/\/2horizontes.com\/index.php?rest_route=\/wp\/v2\/posts\/26421","targetHints":{"allow":["GET"]}}],"collection":[{"href":"https:\/\/2horizontes.com\/index.php?rest_route=\/wp\/v2\/posts"}],"about":[{"href":"https:\/\/2horizontes.com\/index.php?rest_route=\/wp\/v2\/types\/post"}],"author":[{"embeddable":true,"href":"https:\/\/2horizontes.com\/index.php?rest_route=\/wp\/v2\/users\/3"}],"replies":[{"embeddable":true,"href":"https:\/\/2horizontes.com\/index.php?rest_route=%2Fwp%2Fv2%2Fcomments&post=26421"}],"version-history":[{"count":1,"href":"https:\/\/2horizontes.com\/index.php?rest_route=\/wp\/v2\/posts\/26421\/revisions"}],"predecessor-version":[{"id":26423,"href":"https:\/\/2horizontes.com\/index.php?rest_route=\/wp\/v2\/posts\/26421\/revisions\/26423"}],"wp:featuredmedia":[{"embeddable":true,"href":"https:\/\/2horizontes.com\/index.php?rest_route=\/wp\/v2\/media\/26422"}],"wp:attachment":[{"href":"https:\/\/2horizontes.com\/index.php?rest_route=%2Fwp%2Fv2%2Fmedia&parent=26421"}],"wp:term":[{"taxonomy":"category","embeddable":true,"href":"https:\/\/2horizontes.com\/index.php?rest_route=%2Fwp%2Fv2%2Fcategories&post=26421"},{"taxonomy":"post_tag","embeddable":true,"href":"https:\/\/2horizontes.com\/index.php?rest_route=%2Fwp%2Fv2%2Ftags&post=26421"}],"curies":[{"name":"wp","href":"https:\/\/api.w.org\/{rel}","templated":true}]}}