{"id":26390,"date":"2015-09-30T13:58:28","date_gmt":"2015-09-30T12:58:28","guid":{"rendered":"http:\/\/2horizontes.com\/?p=26390"},"modified":"2015-09-30T14:00:28","modified_gmt":"2015-09-30T13:00:28","slug":"consorcio-colombo-espanol-gana-contrato-para-mejorar-via-en-cundinamarca","status":"publish","type":"post","link":"https:\/\/2horizontes.com\/?p=26390","title":{"rendered":"Consorcio colombo-espa\u00f1ol gana contrato para mejorar v\u00eda en Cundinamarca"},"content":{"rendered":"<p>El anuncio fue hecho por el Instituto Nacional de V\u00edas (Inv\u00edas), quien confirm\u00f3 la adjudicaci\u00f3n de obras en el corredor entre los municipios de Facatativ\u00e1 y El Rosal, en Cundinamarca, al consorcio Mejoramiento Vial de Colombia que est\u00e1 conformado por capital colombiano y espa\u00f1ol.<\/p>\n<p>El contrato que se firm\u00f3 por un valor de $22.389 millones para la ejecuci\u00f3n de las obras, fue ganado por el consorcio conformado por las firmas KMA Construcci\u00f3n con el 50 % y Ortiz Construcciones y Proyectos Sucursal Colombia, con el otro 50%.<\/p>\n<p>\u201cCon esta obra mejoraremos la movilidad de grandes vol\u00famenes de tr\u00e1fico hacia la capital de la Rep\u00fablica, provenientes de la costa Pac\u00edfica, de la Ruta del Sol y del norte del pa\u00eds\u201d: Ministra de Transporte.<\/p>\n<p>El tramo adjudicado es el noveno proyecto dentro del programa V\u00edas para la Equidad y contempla la rehabilitaci\u00f3n de 10,5 kil\u00f3metros que beneficiar\u00e1n el comercio, la industria, la floricultura, la miner\u00eda y la producci\u00f3n de papa, fresa, ma\u00edz y trigo, que se cultivan en esta zona del pa\u00eds, en donde se ha concentrado gran cantidad del movimiento industrial de la sabana de Cundinamarca.<\/p>\n<p>De acuerdo con la Ministra de Transporte, Natalia Abello Vives, \u201cCon esta obra mejoraremos la movilidad de grandes vol\u00famenes de tr\u00e1fico hacia la capital de la Rep\u00fablica, provenientes de la costa Pac\u00edfica, de la Ruta del Sol y del norte del pa\u00eds\u201d.<\/p>\n<p>La Ministra tambi\u00e9n destac\u00f3 el impacto que el proyecto tendr\u00e1 en el desempleo de la regi\u00f3n, puesto que se espera lograr la generaci\u00f3n de alrededor de 500 empleos durante la ejecuci\u00f3n de las obras, en su mayor\u00eda para los habitantes del departamento.<\/p>\n<p>&nbsp;<\/p>\n","protected":false},"excerpt":{"rendered":"<p>El anuncio fue hecho por el Instituto Nacional de V\u00edas (Inv\u00edas), quien confirm\u00f3 la adjudicaci\u00f3n de obras en el corredor entre los municipios de Facatativ\u00e1 y El Rosal, en Cundinamarca, al consorcio Mejoramiento Vial de Colombia que est\u00e1 conformado por capital colombiano y espa\u00f1ol. El contrato que se firm\u00f3 por un valor de $22.389 millones [&hellip;]<\/p>\n","protected":false},"author":4,"featured_media":26391,"comment_status":"open","ping_status":"open","sticky":false,"template":"","format":"standard","meta":{"footnotes":""},"categories":[50,63],"tags":[],"class_list":["post-26390","post","type-post","status-publish","format-standard","has-post-thumbnail","hentry","category-colombia","category-economia"],"_links":{"self":[{"href":"https:\/\/2horizontes.com\/index.php?rest_route=\/wp\/v2\/posts\/26390","targetHints":{"allow":["GET"]}}],"collection":[{"href":"https:\/\/2horizontes.com\/index.php?rest_route=\/wp\/v2\/posts"}],"about":[{"href":"https:\/\/2horizontes.com\/index.php?rest_route=\/wp\/v2\/types\/post"}],"author":[{"embeddable":true,"href":"https:\/\/2horizontes.com\/index.php?rest_route=\/wp\/v2\/users\/4"}],"replies":[{"embeddable":true,"href":"https:\/\/2horizontes.com\/index.php?rest_route=%2Fwp%2Fv2%2Fcomments&post=26390"}],"version-history":[{"count":1,"href":"https:\/\/2horizontes.com\/index.php?rest_route=\/wp\/v2\/posts\/26390\/revisions"}],"predecessor-version":[{"id":26392,"href":"https:\/\/2horizontes.com\/index.php?rest_route=\/wp\/v2\/posts\/26390\/revisions\/26392"}],"wp:featuredmedia":[{"embeddable":true,"href":"https:\/\/2horizontes.com\/index.php?rest_route=\/wp\/v2\/media\/26391"}],"wp:attachment":[{"href":"https:\/\/2horizontes.com\/index.php?rest_route=%2Fwp%2Fv2%2Fmedia&parent=26390"}],"wp:term":[{"taxonomy":"category","embeddable":true,"href":"https:\/\/2horizontes.com\/index.php?rest_route=%2Fwp%2Fv2%2Fcategories&post=26390"},{"taxonomy":"post_tag","embeddable":true,"href":"https:\/\/2horizontes.com\/index.php?rest_route=%2Fwp%2Fv2%2Ftags&post=26390"}],"curies":[{"name":"wp","href":"https:\/\/api.w.org\/{rel}","templated":true}]}}