{"id":26382,"date":"2015-09-30T13:49:19","date_gmt":"2015-09-30T12:49:19","guid":{"rendered":"http:\/\/2horizontes.com\/?p=26382"},"modified":"2015-09-30T13:49:19","modified_gmt":"2015-09-30T12:49:19","slug":"marc-marquez-pasa-por-el-quirofano-al-romperse-la-mano-izquierda","status":"publish","type":"post","link":"https:\/\/2horizontes.com\/?p=26382","title":{"rendered":"Marc M\u00e1rquez pasa por el quir\u00f3fano al romperse la mano izquierda"},"content":{"rendered":"<p>Ya se sabe, Marc M\u00e1rquez(Honda) es de los que corre como se entrena y este martes, en una sesi\u00f3n de bicicleta, sufri\u00f3 una ca\u00edda y se fractur\u00f3 el quinto metacarpiano de la mano izquierda, del que ha sido operado este mismo mi\u00e9rcoles por la ma\u00f1ana en el Institut Dexeus, de Barcelona, por el equipo del doctor Xavier Mir.<\/p>\n<p>Que le ha colocado una placa de titanio con seis tornillos y dos tornillos exteriores.<\/p>\n<p>M\u00e1rquez no se plantea, en ning\u00fan momento, ser baja en el pr\u00f3ximo Gran Premio de Jap\u00f3n, que se celebrar\u00e1 el pr\u00f3ximo 11 de octubre, en el circuito de Motegi, propiedad de Honda, la marca con la que el bicampe\u00f3n del mundo m\u00e1s joven de MotoGP corre el Mundial que lidera el italiano Valentino Rossi (Yamaha) con solo 14 puntos de ventaja sobre el mallorqu\u00edn Jorge Lorenzo (Yamaha).<\/p>\n<p>Es evidente que ser\u00eda mucho peor que la fractura se la hubiera producido en la mano derecha, la del gas y el freno delantero.<\/p>\n<p>El &#8216;nen de Cervera&#8217; espera recuperarse lo suficiente como para viajar la pr\u00f3xima semana a Jap\u00f3n y no perderse las tres carreras seguidas que se disputar\u00e1n en Asia &#8211;Jap\u00f3n, Australia y Malasia&#8211; y que, probablemente, decidir\u00e1n el t\u00edtulo, que, matem\u00e1ticamente, a\u00fan tiene accesible el doble campe\u00f3n.<\/p>\n","protected":false},"excerpt":{"rendered":"<p>Ya se sabe, Marc M\u00e1rquez(Honda) es de los que corre como se entrena y este martes, en una sesi\u00f3n de bicicleta, sufri\u00f3 una ca\u00edda y se fractur\u00f3 el quinto metacarpiano de la mano izquierda, del que ha sido operado este mismo mi\u00e9rcoles por la ma\u00f1ana en el Institut Dexeus, de Barcelona, por el equipo del [&hellip;]<\/p>\n","protected":false},"author":3,"featured_media":26388,"comment_status":"open","ping_status":"open","sticky":false,"template":"","format":"standard","meta":{"footnotes":""},"categories":[42],"tags":[],"class_list":["post-26382","post","type-post","status-publish","format-standard","has-post-thumbnail","hentry","category-deportes"],"_links":{"self":[{"href":"https:\/\/2horizontes.com\/index.php?rest_route=\/wp\/v2\/posts\/26382","targetHints":{"allow":["GET"]}}],"collection":[{"href":"https:\/\/2horizontes.com\/index.php?rest_route=\/wp\/v2\/posts"}],"about":[{"href":"https:\/\/2horizontes.com\/index.php?rest_route=\/wp\/v2\/types\/post"}],"author":[{"embeddable":true,"href":"https:\/\/2horizontes.com\/index.php?rest_route=\/wp\/v2\/users\/3"}],"replies":[{"embeddable":true,"href":"https:\/\/2horizontes.com\/index.php?rest_route=%2Fwp%2Fv2%2Fcomments&post=26382"}],"version-history":[{"count":1,"href":"https:\/\/2horizontes.com\/index.php?rest_route=\/wp\/v2\/posts\/26382\/revisions"}],"predecessor-version":[{"id":26389,"href":"https:\/\/2horizontes.com\/index.php?rest_route=\/wp\/v2\/posts\/26382\/revisions\/26389"}],"wp:featuredmedia":[{"embeddable":true,"href":"https:\/\/2horizontes.com\/index.php?rest_route=\/wp\/v2\/media\/26388"}],"wp:attachment":[{"href":"https:\/\/2horizontes.com\/index.php?rest_route=%2Fwp%2Fv2%2Fmedia&parent=26382"}],"wp:term":[{"taxonomy":"category","embeddable":true,"href":"https:\/\/2horizontes.com\/index.php?rest_route=%2Fwp%2Fv2%2Fcategories&post=26382"},{"taxonomy":"post_tag","embeddable":true,"href":"https:\/\/2horizontes.com\/index.php?rest_route=%2Fwp%2Fv2%2Ftags&post=26382"}],"curies":[{"name":"wp","href":"https:\/\/api.w.org\/{rel}","templated":true}]}}