{"id":26378,"date":"2015-09-30T13:44:49","date_gmt":"2015-09-30T12:44:49","guid":{"rendered":"http:\/\/2horizontes.com\/?p=26378"},"modified":"2015-09-30T13:46:28","modified_gmt":"2015-09-30T12:46:28","slug":"las-bolsas-europeas-suben-con-fuerza-pero-van-a-cerrar-su-peor-trimestre-en-cuatro-anos","status":"publish","type":"post","link":"https:\/\/2horizontes.com\/?p=26378","title":{"rendered":"Las bolsas europeas suben con fuerza pero van a cerrar su peor trimestre en cuatro a\u00f1os"},"content":{"rendered":"<p>Las bolsas europeas llegan a la media sesi\u00f3n de este \u00faltimo d\u00eda del mes y del tercer trimestre con fuertes subidas de en torno al 2%. En el caso del Ibex, recupera los 9.500 aunque ahora la resistencia se ha trasladado a la zona de los 9.600, con otra m\u00e1s &#8216;fuerte&#8217; que estar\u00eda en la zona de los 9.950 puntos.<\/p>\n<p>A pesar de las subidas de este jornada, las bolsas europeas no van a poder evitar cerrar uno de los peores trimestres en cuatro a\u00f1os, seg\u00fan leemos en <em>MarketWatch<\/em>.<\/p>\n<p><strong>Lea tambi\u00e9n: En directo Catalu\u00f1a tras las elecciones | Artur Mas se pronuncia sobre su imputaci\u00f3n<\/strong><\/p>\n<p>\u00ab<strong>No hay nada que haya ocurrido durante la noche y que justifique las subidas<\/strong> de este mi\u00e9rcoles s\u00f3lo que los vendedores y los vendedores a corto se muestran un poco indecisos a la hora de golpear el bot\u00f3n. No se equivoquen, nos dirigimos a la baja; la cuesti\u00f3n es cu\u00e1ndo\u00bb, se\u00f1al\u00f3 Jonathan Sudaria, estratega de London Capital Group, en una nota.<\/p>\n<blockquote class=\"right\"><p>No hay nada que haya ocurrido durante la noche y que justifique las subidas<\/p><\/blockquote>\n<p>Alg\u00fan experto hablaba tambi\u00e9n de las \u00abt\u00edpicas subidas\u00bb que se achacan al \u00abmaquillaje de fin de mes\u00bb porque lo cierto es que los temores siguen muy presentes.<\/p>\n<p><strong>El miedo a que la segunda econom\u00eda del mundo, China, se encamine hacia lo que se conoce como un \u00abaterrizaje forzoso\u00bb ha sido el gran tema recurrente durante estos tres meses<\/strong> para explicar los recortes en las bolsas. El EuroStoxx registra ca\u00eddas del 9,5% en el tercer trimestre, lo que ser\u00eda el mayor descenso desde el tercer trimestre de 2011.<\/p>\n<p><strong>Lea tambi\u00e9n: \u00bfEst\u00e1n las bolsas europeas empezando a ver la luz al final del t\u00fanel?<\/strong><\/p>\n<p><strong>UNA INFLACI\u00d3N POR DEBAJO DE LO ESPERADO<\/strong><\/p>\n<p>&nbsp;<\/p>\n<div><\/div>\n<div id=\"ebzNative\"><\/div>\n<p>El dato preliminar de inflaci\u00f3n en la zona euro correspondiente al mes de septiembre ha quedado en el -0,1% frente al 0,0% esperado.<\/p>\n<p>Esta referencia se suma a unos datos de inflaci\u00f3n en Alemania y Espa\u00f1a (-0,9%) conocidos este martes m\u00e1s d\u00e9biles de lo esperado, lo que aumenta las preocupaciones de que los n\u00fameros de la zona euro puedan haber fallado en los pron\u00f3sticos. El Banco Central Europeo est\u00e1 siguiendo de cerca las presiones sobre los d\u00e9biles precios de la regi\u00f3n y el presidente del BCE, Mario Draghi, ha recalcado que el organismo est\u00e1 listo para impulsar su programa de flexibilizaci\u00f3n cuantitativa, si es necesario, para combatir los temores de la deflaci\u00f3n.<\/p>\n<p><strong>La noche del martes, sin embargo, el miembro del Consejo del BCE, Jens Weidmann, dijo que la recuperaci\u00f3n econ\u00f3mica de la zona euro se ha fortalecido<\/strong>, al contrario que en enero, cuando el BCE debati\u00f3 la flexibilizaci\u00f3n cuantitativa. \u00abLas preocupaciones sobre la deflaci\u00f3n, que luego fueron exageradas, se han disipado a\u00fan m\u00e1s\u00bb, dijo.<\/p>\n<p>Por \u00faltimo se\u00f1alar que el desempleo en la zona euro en agosto se ha mantenido en el 11%, en l\u00ednea con lo previsto.<\/p>\n<p>&nbsp;<\/p>\n","protected":false},"excerpt":{"rendered":"<p>Las bolsas europeas llegan a la media sesi\u00f3n de este \u00faltimo d\u00eda del mes y del tercer trimestre con fuertes subidas de en torno al 2%. En el caso del Ibex, recupera los 9.500 aunque ahora la resistencia se ha trasladado a la zona de los 9.600, con otra m\u00e1s &#8216;fuerte&#8217; que estar\u00eda en la [&hellip;]<\/p>\n","protected":false},"author":4,"featured_media":26384,"comment_status":"open","ping_status":"open","sticky":false,"template":"","format":"standard","meta":{"footnotes":""},"categories":[63,86],"tags":[],"class_list":["post-26378","post","type-post","status-publish","format-standard","has-post-thumbnail","hentry","category-economia","category-europa"],"_links":{"self":[{"href":"https:\/\/2horizontes.com\/index.php?rest_route=\/wp\/v2\/posts\/26378","targetHints":{"allow":["GET"]}}],"collection":[{"href":"https:\/\/2horizontes.com\/index.php?rest_route=\/wp\/v2\/posts"}],"about":[{"href":"https:\/\/2horizontes.com\/index.php?rest_route=\/wp\/v2\/types\/post"}],"author":[{"embeddable":true,"href":"https:\/\/2horizontes.com\/index.php?rest_route=\/wp\/v2\/users\/4"}],"replies":[{"embeddable":true,"href":"https:\/\/2horizontes.com\/index.php?rest_route=%2Fwp%2Fv2%2Fcomments&post=26378"}],"version-history":[{"count":3,"href":"https:\/\/2horizontes.com\/index.php?rest_route=\/wp\/v2\/posts\/26378\/revisions"}],"predecessor-version":[{"id":26386,"href":"https:\/\/2horizontes.com\/index.php?rest_route=\/wp\/v2\/posts\/26378\/revisions\/26386"}],"wp:featuredmedia":[{"embeddable":true,"href":"https:\/\/2horizontes.com\/index.php?rest_route=\/wp\/v2\/media\/26384"}],"wp:attachment":[{"href":"https:\/\/2horizontes.com\/index.php?rest_route=%2Fwp%2Fv2%2Fmedia&parent=26378"}],"wp:term":[{"taxonomy":"category","embeddable":true,"href":"https:\/\/2horizontes.com\/index.php?rest_route=%2Fwp%2Fv2%2Fcategories&post=26378"},{"taxonomy":"post_tag","embeddable":true,"href":"https:\/\/2horizontes.com\/index.php?rest_route=%2Fwp%2Fv2%2Ftags&post=26378"}],"curies":[{"name":"wp","href":"https:\/\/api.w.org\/{rel}","templated":true}]}}