{"id":26347,"date":"2015-09-30T12:43:37","date_gmt":"2015-09-30T11:43:37","guid":{"rendered":"http:\/\/2horizontes.com\/?p=26347"},"modified":"2015-09-30T12:43:37","modified_gmt":"2015-09-30T11:43:37","slug":"el-jefe-de-las-farc-admite-su-voluntad-hacia-la-paz","status":"publish","type":"post","link":"https:\/\/2horizontes.com\/?p=26347","title":{"rendered":"El jefe de las FARC admite su voluntad hacia la paz"},"content":{"rendered":"<div class=\"caja\">\n<div id=\"noticiaint\">\n<p>EFE \/ Caracas<\/p>\n<p>El l\u00edder de las FARC, alias Timochenko, revel\u00f3 en una entrevista para la cadena\u00a0 interestatal Telesur que cambi\u00f3 de opini\u00f3n y accedi\u00f3 a poner fecha a la firma del\u00a0 acuerdo de paz con el Estado de Colombia.<\/p>\n<p>\u00abYo era tajantemente enemigo de poner fechas y luego me convencieron, y listo: vamos incluso antes de esa fecha; podemos hacerlo antes si hay voluntad\u201d, declar\u00f3 el l\u00edder guerrillero, seg\u00fan el adelanto de un fragmento de la entrevista concedida.<\/p>\n<p>\u00abSi logramos comprometer a la gran mayor\u00eda de la sociedad&#8230; por muy dif\u00edciles que sean los problemas, si la gran mayor\u00eda de la sociedad se compromete a encontrar soluciones, las encontramos; no estoy llamando a la gente a que apoye las banderas pol\u00edticas ni nuestras ideas\u201d, a\u00f1adi\u00f3 Timochenko en otro tramo adelantado. El l\u00edder de las Fuerzas Armadas Revolucionarias de Colombia (FARC) efectuar\u00e1 el balance del grupo sobre lo que han sido las negociaciones de paz, un d\u00eda despu\u00e9s de que hicieran lo propio en Bogot\u00e1 representantes del gobierno del presidente conservador colombiano Juan Manuel Santos.<\/p>\n<p>La comparecencia del jefe del equipo negociador, Humberto de la Calle, y del alto comisionado de paz, Sergio Jaramillo, tuvo su punto \u00e1lgido cuando aludieron a las implicaciones que el acuerdo puede tener para militares, polic\u00edas y otros agentes del Estado. \u00abNosotros no vamos a aceptar un escenario\u00a0 donde aqu\u00ed despachamos r\u00e1pidamente a las FARC y nos dediquemos a abrir investigaciones contra agentes del Estado o civiles. Ese no va a ser el escenario\u201d, explic\u00f3 Sergio Jaramillo a la prensa.<\/p>\n<\/div>\n<\/div>\n<div class=\"w620 f-left\"><\/div>\n","protected":false},"excerpt":{"rendered":"<p>EFE \/ Caracas El l\u00edder de las FARC, alias Timochenko, revel\u00f3 en una entrevista para la cadena\u00a0 interestatal Telesur que cambi\u00f3 de opini\u00f3n y accedi\u00f3 a poner fecha a la firma del\u00a0 acuerdo de paz con el Estado de Colombia. \u00abYo era tajantemente enemigo de poner fechas y luego me convencieron, y listo: vamos incluso [&hellip;]<\/p>\n","protected":false},"author":7,"featured_media":26348,"comment_status":"open","ping_status":"open","sticky":false,"template":"","format":"standard","meta":{"footnotes":""},"categories":[50,40,43],"tags":[],"class_list":["post-26347","post","type-post","status-publish","format-standard","has-post-thumbnail","hentry","category-colombia","category-internacionales","category-politica"],"_links":{"self":[{"href":"https:\/\/2horizontes.com\/index.php?rest_route=\/wp\/v2\/posts\/26347","targetHints":{"allow":["GET"]}}],"collection":[{"href":"https:\/\/2horizontes.com\/index.php?rest_route=\/wp\/v2\/posts"}],"about":[{"href":"https:\/\/2horizontes.com\/index.php?rest_route=\/wp\/v2\/types\/post"}],"author":[{"embeddable":true,"href":"https:\/\/2horizontes.com\/index.php?rest_route=\/wp\/v2\/users\/7"}],"replies":[{"embeddable":true,"href":"https:\/\/2horizontes.com\/index.php?rest_route=%2Fwp%2Fv2%2Fcomments&post=26347"}],"version-history":[{"count":1,"href":"https:\/\/2horizontes.com\/index.php?rest_route=\/wp\/v2\/posts\/26347\/revisions"}],"predecessor-version":[{"id":26349,"href":"https:\/\/2horizontes.com\/index.php?rest_route=\/wp\/v2\/posts\/26347\/revisions\/26349"}],"wp:featuredmedia":[{"embeddable":true,"href":"https:\/\/2horizontes.com\/index.php?rest_route=\/wp\/v2\/media\/26348"}],"wp:attachment":[{"href":"https:\/\/2horizontes.com\/index.php?rest_route=%2Fwp%2Fv2%2Fmedia&parent=26347"}],"wp:term":[{"taxonomy":"category","embeddable":true,"href":"https:\/\/2horizontes.com\/index.php?rest_route=%2Fwp%2Fv2%2Fcategories&post=26347"},{"taxonomy":"post_tag","embeddable":true,"href":"https:\/\/2horizontes.com\/index.php?rest_route=%2Fwp%2Fv2%2Ftags&post=26347"}],"curies":[{"name":"wp","href":"https:\/\/api.w.org\/{rel}","templated":true}]}}