{"id":26342,"date":"2015-09-30T12:23:31","date_gmt":"2015-09-30T11:23:31","guid":{"rendered":"http:\/\/2horizontes.com\/?p=26342"},"modified":"2015-09-30T12:23:31","modified_gmt":"2015-09-30T11:23:31","slug":"evo-morales-dice-que-tarde-o-temprano-bolivia-recuperara-su-acceso-al-mar","status":"publish","type":"post","link":"https:\/\/2horizontes.com\/?p=26342","title":{"rendered":"Evo Morales dice que \u00abtarde o temprano\u00bb Bolivia recuperar\u00e1 su acceso al mar"},"content":{"rendered":"<div id=\"ArticleAuthorDiv\" class=\"article-body-author\"><b>EFE<\/b><\/div>\n<div id=\"ArticleSourceDiv\" class=\"article-body-author\"><b>Naciones Unidas<\/b><\/div>\n<div id=\"ArticleBody\">\n<p>El presidente de Bolivia, Evo Morales, afirm\u00f3 hoy en la ONU que su pa\u00eds acog\u00eda con \u00abmucha sencillez\u00bb la reciente decisi\u00f3n de la Corte Internacional de Justicia sobre su demanda mar\u00edtima frente a Chile y se\u00f1al\u00f3 que, \u00abtarde o temprano\u00bb, Bolivia volver\u00e1 a tener costa en el Pac\u00edfico.<\/p>\n<p>Morales intervino hoy en la segunda jornada del debate de alto nivel de la Asamblea General de la ONU, y, en medio de cr\u00edticas hacia el capitalismo y la defensa del medioambiente, se refiri\u00f3 a la vieja demanda boliviana frente a Chile.<\/p>\n<p>La Corte Internacional de Justicia (CIJ) decidi\u00f3 recientemente declararse competente para juzgar la demanda que Bolivia present\u00f3 en 2013 con el objetivo de obligar a Chile a negociar un acceso al mar con soberan\u00eda.<\/p>\n<p>\u00abBolivia recibe con mucha sencillez y tambi\u00e9n con humildad y dignidad\u00bb esta decisi\u00f3n de \u00abla m\u00e1xima instancia en el mundo creada por la ONU\u00bb para reconocer que hay \u00abun tema pendiente\u00bb que enfrenta a los dos pa\u00edses, afirm\u00f3 Morales.<\/p>\n<p>El presidente boliviano record\u00f3 que su pa\u00eds no quiere \u00abganadores ni perdedores\u00bb, sino que busca resolver el tema \u00abmediante el di\u00e1logo\u00bb. \u00abJuntos ganemos para el bien de nuestros pueblos\u00bb, insisti\u00f3.<\/p>\n<p>Se refiri\u00f3 a comentarios hechos por personalidades internacionales que han venido diciendo que Bolivia y Chile deben resolver este diferendo.<\/p>\n<p>\u00abTarde o temprano, con justicia volveremos al Pac\u00edfico con soberan\u00eda. Esperamos que sea mediante el di\u00e1logo, para bien de nuestros pueblos\u00bb, insisti\u00f3 Morales<\/p>\n<p>Bolivia perdi\u00f3 su acceso al mar durante la Guerra del Pac\u00edfico (1879-1883). Chile rechaza la demanda mar\u00edtima boliviana sobre la base de que todos los asuntos fronterizos fueron resueltos en el tratado de paz suscrito por las partes en 1904.<\/p>\n<p>Morales estuvo precedido en el uso de la palabra por el presidente ecuatoriano, Rafael Correa, quien reiter\u00f3 algunos de los principios que defendi\u00f3 en la cumbre sobre el desarrollo que se cerr\u00f3 el domingo en la ONU.<\/p>\n<p>Correa insisti\u00f3 en la necesidad de proteger el medioambiente y propuso la posibilidad de impulsar la redacci\u00f3n de una \u00abdeclaraci\u00f3n universal de los derechos de la naturaleza\u00bb.<\/p>\n<p>Antes, el presidente de Paraguay, Horacio Cartes, destac\u00f3 una serie de medidas econ\u00f3micas aplicadas en su pa\u00eds para generar crecimiento, pero dijo que no ser\u00e1n suficientes \u00absin pol\u00edticas internacionales promotoras de una eficaz cooperaci\u00f3n, ecu\u00e1nimes intercambios y adecuadas complementaciones entre pa\u00edses y regiones\u00bb.<\/p>\n<p>\u00abEstas tres condiciones, cooperaci\u00f3n, intercambio y complementaci\u00f3n, exigen apremiantemente un cambio de paradigma, y las Naciones Unidas deben coadyuvar a estas pol\u00edticas\u00bb, afirm\u00f3 Cartes.<\/p>\n<\/div>\n","protected":false},"excerpt":{"rendered":"<p>EFE Naciones Unidas El presidente de Bolivia, Evo Morales, afirm\u00f3 hoy en la ONU que su pa\u00eds acog\u00eda con \u00abmucha sencillez\u00bb la reciente decisi\u00f3n de la Corte Internacional de Justicia sobre su demanda mar\u00edtima frente a Chile y se\u00f1al\u00f3 que, \u00abtarde o temprano\u00bb, Bolivia volver\u00e1 a tener costa en el Pac\u00edfico. Morales intervino hoy en [&hellip;]<\/p>\n","protected":false},"author":7,"featured_media":26345,"comment_status":"open","ping_status":"open","sticky":false,"template":"","format":"standard","meta":{"footnotes":""},"categories":[40,43],"tags":[],"class_list":["post-26342","post","type-post","status-publish","format-standard","has-post-thumbnail","hentry","category-internacionales","category-politica"],"_links":{"self":[{"href":"https:\/\/2horizontes.com\/index.php?rest_route=\/wp\/v2\/posts\/26342","targetHints":{"allow":["GET"]}}],"collection":[{"href":"https:\/\/2horizontes.com\/index.php?rest_route=\/wp\/v2\/posts"}],"about":[{"href":"https:\/\/2horizontes.com\/index.php?rest_route=\/wp\/v2\/types\/post"}],"author":[{"embeddable":true,"href":"https:\/\/2horizontes.com\/index.php?rest_route=\/wp\/v2\/users\/7"}],"replies":[{"embeddable":true,"href":"https:\/\/2horizontes.com\/index.php?rest_route=%2Fwp%2Fv2%2Fcomments&post=26342"}],"version-history":[{"count":1,"href":"https:\/\/2horizontes.com\/index.php?rest_route=\/wp\/v2\/posts\/26342\/revisions"}],"predecessor-version":[{"id":26346,"href":"https:\/\/2horizontes.com\/index.php?rest_route=\/wp\/v2\/posts\/26342\/revisions\/26346"}],"wp:featuredmedia":[{"embeddable":true,"href":"https:\/\/2horizontes.com\/index.php?rest_route=\/wp\/v2\/media\/26345"}],"wp:attachment":[{"href":"https:\/\/2horizontes.com\/index.php?rest_route=%2Fwp%2Fv2%2Fmedia&parent=26342"}],"wp:term":[{"taxonomy":"category","embeddable":true,"href":"https:\/\/2horizontes.com\/index.php?rest_route=%2Fwp%2Fv2%2Fcategories&post=26342"},{"taxonomy":"post_tag","embeddable":true,"href":"https:\/\/2horizontes.com\/index.php?rest_route=%2Fwp%2Fv2%2Ftags&post=26342"}],"curies":[{"name":"wp","href":"https:\/\/api.w.org\/{rel}","templated":true}]}}