{"id":26294,"date":"2015-09-30T03:08:59","date_gmt":"2015-09-30T02:08:59","guid":{"rendered":"http:\/\/2horizontes.com\/?p=26294"},"modified":"2015-09-30T10:15:41","modified_gmt":"2015-09-30T09:15:41","slug":"paro-en-el-hospital-de-bonao","status":"publish","type":"post","link":"https:\/\/2horizontes.com\/?p=26294","title":{"rendered":"Paro en el hospital de Bonao RD"},"content":{"rendered":"<p>La Asociaci\u00f3n Intrahospitalaria de esta localidad anunci\u00f3 para este mi\u00e9rcoles un paro de tres horas en el hospital Pedro Emilio de Marchena, para que el presidente Danilo Medina ordene su desalojo inmediato.<\/p>\n<p>F\u00e9lix N\u00fa\u00f1ez, dijo que ante la negativa de las autoridades de reunirse con ellos, el Comit\u00e9 de Vigilancia Intrahospitalaria, los gremios de enfermeras y el Colegio M\u00e9dico Dominicano, \u201chemos convocado a una rueda de prensa y paro pacifico de 8 a 11 de la ma\u00f1ana con el prop\u00f3sito de que Bonao tenga un hospital moderno\u201d.<\/p>\n<p>El dirigente llam\u00f3 a las comunidades a sumarse, al asegurar que el centro asistencial es una calamidad p\u00fablica y exhort\u00f3 al gobierno a pasar de las palabras al hecho.<\/p>\n<p>\u201cA nosotros quisieron usarnos de tontos \u00fatiles, y llevaron al director de la OISOE, Francisco Pag\u00e1n, junto al gobernador provincial, y se aparecieron con un aparataje al hospital con la idea de tumbar las actividades que nosotros ya tenemos programada para llevar a cabo este mi\u00e9rcoles , para la construcci\u00f3n de hospital nuevo en Bonao.<\/p>\n<p>Rechaz\u00f3 que las tierras donde se va a construir la edificaci\u00f3n hayan sido compradas como se dio a conocer.<\/p>\n<p>Advirti\u00f3 que diligenciaron con ingenieros y arquitectos la evaluaci\u00f3n de dichos terrenos.<\/p>\n<p>\u201cEstos nos advirtieron que los mismos, no son id\u00f3neos para la construcci\u00f3n de un centro de salud\u201d.<\/p>\n<p>Expres\u00f3 que solamente con la visita y la entrega del cheque por parte del presidente Danilo Medina ser\u00e1n detenidas las acciones pro construcci\u00f3n del nuevo hospital.<\/p>\n","protected":false},"excerpt":{"rendered":"<p>La Asociaci\u00f3n Intrahospitalaria de esta localidad anunci\u00f3 para este mi\u00e9rcoles un paro de tres horas en el hospital Pedro Emilio de Marchena, para que el presidente Danilo Medina ordene su desalojo inmediato. F\u00e9lix N\u00fa\u00f1ez, dijo que ante la negativa de las autoridades de reunirse con ellos, el Comit\u00e9 de Vigilancia Intrahospitalaria, los gremios de enfermeras [&hellip;]<\/p>\n","protected":false},"author":8891,"featured_media":26315,"comment_status":"open","ping_status":"open","sticky":false,"template":"","format":"standard","meta":{"footnotes":""},"categories":[44,45],"tags":[],"class_list":["post-26294","post","type-post","status-publish","format-standard","has-post-thumbnail","hentry","category-republica-dominicana","category-salud"],"_links":{"self":[{"href":"https:\/\/2horizontes.com\/index.php?rest_route=\/wp\/v2\/posts\/26294","targetHints":{"allow":["GET"]}}],"collection":[{"href":"https:\/\/2horizontes.com\/index.php?rest_route=\/wp\/v2\/posts"}],"about":[{"href":"https:\/\/2horizontes.com\/index.php?rest_route=\/wp\/v2\/types\/post"}],"author":[{"embeddable":true,"href":"https:\/\/2horizontes.com\/index.php?rest_route=\/wp\/v2\/users\/8891"}],"replies":[{"embeddable":true,"href":"https:\/\/2horizontes.com\/index.php?rest_route=%2Fwp%2Fv2%2Fcomments&post=26294"}],"version-history":[{"count":3,"href":"https:\/\/2horizontes.com\/index.php?rest_route=\/wp\/v2\/posts\/26294\/revisions"}],"predecessor-version":[{"id":26316,"href":"https:\/\/2horizontes.com\/index.php?rest_route=\/wp\/v2\/posts\/26294\/revisions\/26316"}],"wp:featuredmedia":[{"embeddable":true,"href":"https:\/\/2horizontes.com\/index.php?rest_route=\/wp\/v2\/media\/26315"}],"wp:attachment":[{"href":"https:\/\/2horizontes.com\/index.php?rest_route=%2Fwp%2Fv2%2Fmedia&parent=26294"}],"wp:term":[{"taxonomy":"category","embeddable":true,"href":"https:\/\/2horizontes.com\/index.php?rest_route=%2Fwp%2Fv2%2Fcategories&post=26294"},{"taxonomy":"post_tag","embeddable":true,"href":"https:\/\/2horizontes.com\/index.php?rest_route=%2Fwp%2Fv2%2Ftags&post=26294"}],"curies":[{"name":"wp","href":"https:\/\/api.w.org\/{rel}","templated":true}]}}