{"id":2621,"date":"2014-10-13T12:18:49","date_gmt":"2014-10-13T12:18:49","guid":{"rendered":"http:\/\/2horizontes.com\/?p=2621"},"modified":"2014-10-13T12:18:49","modified_gmt":"2014-10-13T12:18:49","slug":"comienza-operacion-europea-para-detener-inmigrantes-irregulares","status":"publish","type":"post","link":"https:\/\/2horizontes.com\/?p=2621","title":{"rendered":"Comienza operaci\u00f3n europea para detener inmigrantes irregulares"},"content":{"rendered":"<p><a href=\"http:\/\/2horizontes.com\/wp-content\/uploads\/2014\/10\/redadas.jpg\"><img loading=\"lazy\" decoding=\"async\" src=\"http:\/\/2horizontes.com\/wp-content\/uploads\/2014\/10\/redadas-300x150.jpg\" alt=\"redadas\" width=\"300\" height=\"150\" class=\"alignleft size-medium wp-image-2622\" srcset=\"https:\/\/2horizontes.com\/wp-content\/uploads\/2014\/10\/redadas-300x150.jpg 300w, https:\/\/2horizontes.com\/wp-content\/uploads\/2014\/10\/redadas-510x255.jpg 510w, https:\/\/2horizontes.com\/wp-content\/uploads\/2014\/10\/redadas.jpg 560w\" sizes=\"auto, (max-width: 300px) 100vw, 300px\" \/><\/a> A trav\u00e9s de esta circular queremos denunciar una situaci\u00f3n que podr\u00eda afectarnos de manera directa en estos pr\u00f3ximos d\u00edas. Se trata del Operativo policial denominado \u201cMos Maiorum\u201d, dise\u00f1ado para detener a los inmigrantes irregulares. Activado desde el Consejo de Europa y programado para ejecutarse del 13 al 26 de Octubre de manera conjunta por todos los estados de la Uni\u00f3n Europea, incluida Espa\u00f1a.<\/p>\n<p>\u201cLa Operaci\u00f3n conjunta se va a realizar para:<br \/>\nDetener a los migrantes irregulares y recoger informaci\u00f3n relevante para los servicios de inteligencia y con fines de investigaci\u00f3n;<br \/>\nIdentificar, procesar e interrumpir los grupos de crimen organizado;<br \/>\nConsolidar acciones conjuntas para lograr un impacto en la inmigraci\u00f3n ilegal (actividades de control y vigilancia de las fronteras);<br \/>\nLlevar a cabo (en base de los resultados del an\u00e1lisis de riesgo), acciones de control a lo largo de las principales rutas de inmigraci\u00f3n ilegal utilizadas por las redes de inmigraci\u00f3n ilegal (dentro de la \u00c1rea Schengen y las fronteras exteriores);<br \/>\nRecopilar y analizar informaci\u00f3n relacionada a los denominados movimientos secundarios\u201d<\/p>\n<p>\u201cSe pide de todos los pa\u00edses participantes la siguiente informaci\u00f3n:<br \/>\nA) Detalles de la interceptaci\u00f3n: fecha y hora de detecci\u00f3n, localizaci\u00f3n y lugar de interceptaci\u00f3n, los medios de transporte;<br \/>\nB) Detalles sobre las personas migrantes; nacionalidad, sexo y edad, lugar y fecha de entrada en la UE;<br \/>\nC) Rutas de los migrantes: rutas, medios de transporte y la fecha de la intercepci\u00f3n despu\u00e9s de haber llegado a la UE; rutas establecidas despu\u00e9s de la interceptaci\u00f3n y destino final de los migrantes;<br \/>\nD) Modus operandi: los documentos falsos\/falsificados de viaje incautados, solicitud de asilo, indicaci\u00f3n de tr\u00e1fico il\u00edcito de migrantes irregulares, nacionalidad y pa\u00eds de residencia de los facilitadores, dinero pagado por el viaje por cada migrante;\u201d<\/p>\n<p>El Ministerio del Interior Espa\u00f1ol ha confirmado su participaci\u00f3n en este operativo aunque no ha precisado su alcance.<\/p>\n<p>El planteamiento genera serias dudas en cuanto a posibles vulneraciones de derechos humanos b\u00e1sicos, puesto que la selecci\u00f3n del perfil de las personas a detener, para obtener informaci\u00f3n, incluye necesariamente un sesgo racial. Igualmente ocurre si nos preguntamos por los lugares en donde se desarrollar\u00edan estas detenciones.<br \/>\nHabida cuenta de que una importante proporci\u00f3n de las personas migrantes integran la gran familia que es Legalcity, resulta sensato extremar nuestras precauciones y predisponernos en una cierta alerta.<br \/>\nTe proponemos que durante los d\u00edas se\u00f1alados, registremos aquellas incidencias o sucesos que podamos encontrar y que nos contactes con rapidez ante cualquier hecho para coordinar y valorar acciones consecuentes.<br \/>\nRegistren incidencias o sucesos a :<br \/>\nLegalcity Abogados<\/p>\n<p>Rambla Catalunya 66, 5\u00ba AB, 08007, Barcelona<br \/>\ninfo@legalcity.es<br \/>\nt:   93 487 09 73<br \/>\nm: 618 428 003<\/p>\n<p>Fuente: http:\/\/liderlatino.es <\/p>\n","protected":false},"excerpt":{"rendered":"<p>A trav\u00e9s de esta circular queremos denunciar una situaci\u00f3n que podr\u00eda afectarnos de manera directa en estos pr\u00f3ximos d\u00edas. Se trata del Operativo policial denominado \u201cMos Maiorum\u201d, dise\u00f1ado para detener a los inmigrantes irregulares. Activado desde el Consejo de Europa y programado para ejecutarse del 13 al 26 de Octubre de manera conjunta por todos [&hellip;]<\/p>\n","protected":false},"author":1,"featured_media":0,"comment_status":"open","ping_status":"open","sticky":false,"template":"","format":"standard","meta":{"footnotes":""},"categories":[1],"tags":[],"class_list":["post-2621","post","type-post","status-publish","format-standard","hentry","category-entretenimiento"],"_links":{"self":[{"href":"https:\/\/2horizontes.com\/index.php?rest_route=\/wp\/v2\/posts\/2621","targetHints":{"allow":["GET"]}}],"collection":[{"href":"https:\/\/2horizontes.com\/index.php?rest_route=\/wp\/v2\/posts"}],"about":[{"href":"https:\/\/2horizontes.com\/index.php?rest_route=\/wp\/v2\/types\/post"}],"author":[{"embeddable":true,"href":"https:\/\/2horizontes.com\/index.php?rest_route=\/wp\/v2\/users\/1"}],"replies":[{"embeddable":true,"href":"https:\/\/2horizontes.com\/index.php?rest_route=%2Fwp%2Fv2%2Fcomments&post=2621"}],"version-history":[{"count":1,"href":"https:\/\/2horizontes.com\/index.php?rest_route=\/wp\/v2\/posts\/2621\/revisions"}],"predecessor-version":[{"id":2623,"href":"https:\/\/2horizontes.com\/index.php?rest_route=\/wp\/v2\/posts\/2621\/revisions\/2623"}],"wp:attachment":[{"href":"https:\/\/2horizontes.com\/index.php?rest_route=%2Fwp%2Fv2%2Fmedia&parent=2621"}],"wp:term":[{"taxonomy":"category","embeddable":true,"href":"https:\/\/2horizontes.com\/index.php?rest_route=%2Fwp%2Fv2%2Fcategories&post=2621"},{"taxonomy":"post_tag","embeddable":true,"href":"https:\/\/2horizontes.com\/index.php?rest_route=%2Fwp%2Fv2%2Ftags&post=2621"}],"curies":[{"name":"wp","href":"https:\/\/api.w.org\/{rel}","templated":true}]}}