{"id":26209,"date":"2015-09-29T16:42:55","date_gmt":"2015-09-29T15:42:55","guid":{"rendered":"http:\/\/2horizontes.com\/?p=26209"},"modified":"2015-09-29T16:42:55","modified_gmt":"2015-09-29T15:42:55","slug":"armada-apresa-20-que-intentaron-viajar-ilegal-a-puerto-rico","status":"publish","type":"post","link":"https:\/\/2horizontes.com\/?p=26209","title":{"rendered":"Armada apresa 20 que intentaron viajar ilegal a Puerto Rico"},"content":{"rendered":"<div id=\"stcpDiv\">\n<div id=\"stcpDiv\">\n<article class=\"contenidoArticulo\">\n<div class=\"cuerpoNoticia\">\n<p style=\"text-align: left\" align=\"center\">RD-SANTO DOMINGO-La Armada de la Rep\u00fablica Dominicana inform\u00f3 este martes que apres\u00f3 a 20 personas cuando intentaban viajar ilegalmente a Puerto Rico.<\/p>\n<p style=\"text-align: left\" align=\"center\">La detenci\u00f3n del grupo, los cuales todos son dominicanos, se produjo el pasado s\u00e1bado en Cayo Levantado, Saman\u00e1.<\/p>\n<p style=\"text-align: left\" align=\"center\">La instituci\u00f3n dijo que en el grupo hay 18 hombres y dos mujeres.<\/p>\n<p style=\"text-align: left\" align=\"center\">La Armada hizo un llamado a la ciudadan\u00eda en general a no dejarse sonsacar por los organizadores de estos viajes ilegales.<\/p>\n<\/div>\n<\/article>\n<\/div>\n<\/div>\n","protected":false},"excerpt":{"rendered":"<p>RD-SANTO DOMINGO-La Armada de la Rep\u00fablica Dominicana inform\u00f3 este martes que apres\u00f3 a 20 personas cuando intentaban viajar ilegalmente a Puerto Rico. La detenci\u00f3n del grupo, los cuales todos son dominicanos, se produjo el pasado s\u00e1bado en Cayo Levantado, Saman\u00e1. La instituci\u00f3n dijo que en el grupo hay 18 hombres y dos mujeres. La Armada [&hellip;]<\/p>\n","protected":false},"author":8,"featured_media":26210,"comment_status":"open","ping_status":"open","sticky":false,"template":"","format":"standard","meta":{"footnotes":""},"categories":[53,44],"tags":[],"class_list":["post-26209","post","type-post","status-publish","format-standard","has-post-thumbnail","hentry","category-provincias","category-republica-dominicana"],"_links":{"self":[{"href":"https:\/\/2horizontes.com\/index.php?rest_route=\/wp\/v2\/posts\/26209","targetHints":{"allow":["GET"]}}],"collection":[{"href":"https:\/\/2horizontes.com\/index.php?rest_route=\/wp\/v2\/posts"}],"about":[{"href":"https:\/\/2horizontes.com\/index.php?rest_route=\/wp\/v2\/types\/post"}],"author":[{"embeddable":true,"href":"https:\/\/2horizontes.com\/index.php?rest_route=\/wp\/v2\/users\/8"}],"replies":[{"embeddable":true,"href":"https:\/\/2horizontes.com\/index.php?rest_route=%2Fwp%2Fv2%2Fcomments&post=26209"}],"version-history":[{"count":1,"href":"https:\/\/2horizontes.com\/index.php?rest_route=\/wp\/v2\/posts\/26209\/revisions"}],"predecessor-version":[{"id":26211,"href":"https:\/\/2horizontes.com\/index.php?rest_route=\/wp\/v2\/posts\/26209\/revisions\/26211"}],"wp:featuredmedia":[{"embeddable":true,"href":"https:\/\/2horizontes.com\/index.php?rest_route=\/wp\/v2\/media\/26210"}],"wp:attachment":[{"href":"https:\/\/2horizontes.com\/index.php?rest_route=%2Fwp%2Fv2%2Fmedia&parent=26209"}],"wp:term":[{"taxonomy":"category","embeddable":true,"href":"https:\/\/2horizontes.com\/index.php?rest_route=%2Fwp%2Fv2%2Fcategories&post=26209"},{"taxonomy":"post_tag","embeddable":true,"href":"https:\/\/2horizontes.com\/index.php?rest_route=%2Fwp%2Fv2%2Ftags&post=26209"}],"curies":[{"name":"wp","href":"https:\/\/api.w.org\/{rel}","templated":true}]}}