{"id":26183,"date":"2015-09-29T14:30:15","date_gmt":"2015-09-29T13:30:15","guid":{"rendered":"http:\/\/2horizontes.com\/?p=26183"},"modified":"2015-09-29T14:30:15","modified_gmt":"2015-09-29T13:30:15","slug":"el-papa-critica-a-los-obispos-que-cubrieron-abusos-sexuales-de-sacerdotes","status":"publish","type":"post","link":"https:\/\/2horizontes.com\/?p=26183","title":{"rendered":"El Papa critica a los obispos que cubrieron abusos sexuales de sacerdotes"},"content":{"rendered":"<div id=\"ArticleAuthorDiv\" class=\"article-body-author\"><b>AP<\/b><\/div>\n<div id=\"ArticleSourceDiv\" class=\"article-body-author\"><b>A BORDO DEL AVION DEL PAPA<\/b><\/div>\n<div id=\"ArticleBody\">\n<p>El papa Francisco defendi\u00f3 sus palabras de consuelo a los obispos estadounidenses sobre el esc\u00e1ndalo de abusos sexuales cometidos por sacerdotes, pero se\u00f1al\u00f3 por primera vez que aquellos que cubrieron a los agresores obraron mal.<\/p>\n<p>Francisco hizo estas declaraciones el lunes durante su viaje a Roma tras su primera visita a Estados Unidos, donde el domingo se reuni\u00f3 con cinco sobrevivientes de abusos y advirti\u00f3 a los obispos de que se les considerar\u00e1 responsables de proteger a su congregaci\u00f3n. \u00abLos que cubrieron esto son culpables\u00bb, dijo. \u00abIncluso hay algunos obispos que cubrieron esto. Es algo horrible\u00bb.<\/p>\n<p>Aunque el Vaticano ha perseguido a los sacerdotes que violan y abusan de ni\u00f1os en los \u00faltimos a\u00f1os, se le acusa desde hace tiempo de hacer o\u00eddos sordos a los obispos que trasladaron a los agresores en lugar de reportarlos a la polic\u00eda. Francisco ha decidido crear un tribunal en el Vaticano para procesar a estos obispos por abuso de poder y aceptado la dimisi\u00f3n de tres obispos estadounidenses que gestionaron mal los casos.<\/p>\n<p>El Papa defendi\u00f3 las palabras de consuelo que ofreci\u00f3 esta semana a los obispos estadounidenses en Washington, indicando que quer\u00eda reconocer que tambi\u00e9n ellos como episcopado hab\u00edan sufrido. Los defensores de las v\u00edctimas hab\u00edan criticado esas declaraciones por considerarlas fuera de lugar.<\/p>\n<p>Francisco dirigi\u00f3 su atenci\u00f3n el domingo a las v\u00edctimas de abusos al reunirse con cinco sobrevivientes. Se disculp\u00f3 con ellos porque a menudo sus denuncias no se tomaran en serio y les prometi\u00f3 exigir responsabilidades a los obispos.<\/p>\n<p>El Papa dijo comprender por qu\u00e9 una v\u00edctima o un pariente de una v\u00edctima podr\u00eda negarse a perdonar al sacerdote agresor. \u00abRezo por ellos, y no les juzgo\u00bb, dijo.<\/p>\n<p>El pont\u00edfice record\u00f3 que en su encuentro anterior con sobrevivientes de abusos, en julio de 2014, una v\u00edctima le dijo que su madre hab\u00eda perdido la fe y muerto como atea tras saber que un sacerdote hab\u00eda abusado de su hija.<\/p>\n<p>\u00abComprendo a esta mujer. Yo comprendo, y Dios, que es mejor que yo, comprende\u00bb, dijo. \u00abY estoy seguro de que Dios recibi\u00f3 a esta mujer. Porque lo que se manose\u00f3 y destruy\u00f3 era su carne, la carne de su hija. Yo comprendo. No puedo juzgar a alguien que no puede perdonar\u00bb.<\/p>\n<p>En una rueda de prensa sobre diversos temas, Francisco dijo que lo hab\u00eda sorprendido la calidez de su recibimiento en Estados Unidos y se\u00f1al\u00f3 que no hubo insultos o provocaciones pese a las cr\u00edticas de algunos conservadores antes de su viaje contra sus mensajes sobre el medio ambiente o la econom\u00eda.<\/p>\n<p>\u00abEn Washington hubo una c\u00e1lida bienvenida, pero un poco m\u00e1s formal\u00bb, coment\u00f3 Francisco. \u00abEn Nueva York, un poco &#8216;m\u00e1s all\u00e1 del l\u00edmite\u00bb, dijo, riendo y haciendo gestos con las manos para describir con una nueva palabra la exuberancia de la Gran Manzana, \u00abstralimitata\u00bb. \u00abEn Filadelfia, muy expresivo. Diferentes maneras, pero la misma bienvenida\u00bb, a\u00f1adi\u00f3.<\/p>\n<p>Tambi\u00e9n se mostr\u00f3 impresionado por la devoci\u00f3n de los estadounidenses y dio gracias porque no hubiera incidentes durante el viaje. \u00abNi provocaciones, ni desaf\u00edos\u00bb, coment\u00f3. \u00abTodos se comportaron bien, normal. Sin insultos, nada malo\u00bb.<\/p>\n<p>Algunas figuras conservadoras estadounidenses hab\u00edan sido muy cr\u00edticas con las prioridades de Francisco antes del viaje, arremetiendo contra su \u00e9nfasis en la ecolog\u00eda como fallido e incluso criticando su decisi\u00f3n de agilizar el proceso de anulaci\u00f3n matrimonial, que describieron como un \u00abdivorcio cat\u00f3lico\u00bb. Francisco neg\u00f3 que el cambio facilite el divorcio y se\u00f1al\u00f3 que s\u00f3lo simplifica el proceso para determinar si un matrimonio es v\u00e1lido.<\/p>\n<p><strong>LAS MONJAS SON GENIALES<\/strong><\/p>\n<p>El Papa reiter\u00f3 su afecto a las monjas estadounidenses, a las que elogi\u00f3 en varias ocasiones durante su visita. Las religiosas han logrado \u00abmaravillas\u00bb en educaci\u00f3n y atenci\u00f3n sanitaria en Estados Unidos y son sencillamente \u00abgeniales\u00bb, coment\u00f3. \u00abLa gente de Estados Unidos ama a sus hermanas\u00bb, dijo Francisco. \u00abNo s\u00e9 cu\u00e1nto aman a sus sacerdotes, pero aman a sus monjas. Y son geniales. Son mujeres geniales, geniales.\u00bb<\/p>\n<p>Sus comentarios son algo a rese\u00f1ar, dado que durante el papado de su predecesor el Vaticano emprendi\u00f3 una campa\u00f1a institucional contra el mayor grupo de comunidades de monjas estadounidenses, a las que acusaba de alejarse de la ortodoxia y no enfatizar lo suficiente la doctrina cat\u00f3lica.<\/p>\n<p>Al llegar Francisco, esa operaci\u00f3n de reforma se cerr\u00f3 dos a\u00f1os antes de lo previsto sin hacer cambios importantes. Otra pesquisa del Vaticano sobre la calidad de vida de las hermanas estadounidenses termin\u00f3 de forma similar, agradeciendo a las religiosas su servicio desinteresado.<\/p>\n<p>Durante su viaje, Francisco ofreci\u00f3 reconocimiento p\u00fablico y agradecimientos a las hermanas en dos ocasiones. Tambi\u00e9n visit\u00f3 a un grupo de monjas, las Hermanitas de los Pobres, que han desafiado el sistema de seguro m\u00e9dico del gobierno de Obama, para expresarles su apoyo. A Francisco se le pregunt\u00f3 si su apoyo a la libertad religiosa y la objeci\u00f3n de conciencia se extend\u00eda a los trabajadores gubernamentales, en una referencia a Kim Davis, la funcionaria de Kentucky que se neg\u00f3 a emitir licencias de matrimonio para parejas homosexuales.<\/p>\n<p>Sin hacer referencia a ning\u00fan caso concreto, Francisco declar\u00f3 que el derecho a la objeci\u00f3n de conciencia es un derecho humano. \u00abY si una persona no permite una objeci\u00f3n de conciencia, est\u00e1 negando un derecho\u00bb, dijo.<\/p>\n<p>Despu\u00e9s de ofrecer sendos discursos ante el Congreso y las Naciones Unidas, y de emotivos gestos en visitas a indigentes, migrantes, presos y escolares, se sugiri\u00f3 a Francisco que en cierto modo, podr\u00eda haberse convertido en un \u00abastro\u00bb en Estados Unidos. El Papa rechaz\u00f3 la idea y dijo que el poder es algo pasajero, y el aut\u00e9ntico poder es servir a otros.<\/p>\n<p>\u00abDebo seguir adelante en este camino de servicio, pero creo que no he hecho todo lo que puedo\u00bb, se\u00f1al\u00f3. Adem\u00e1s, a\u00f1adi\u00f3, los astros terminan por apagarse. \u00abSer un siervo de los siervos de Dios es hermoso. Y no se desvanece\u00bb, dijo.<\/p>\n<\/div>\n","protected":false},"excerpt":{"rendered":"<p>AP A BORDO DEL AVION DEL PAPA El papa Francisco defendi\u00f3 sus palabras de consuelo a los obispos estadounidenses sobre el esc\u00e1ndalo de abusos sexuales cometidos por sacerdotes, pero se\u00f1al\u00f3 por primera vez que aquellos que cubrieron a los agresores obraron mal. Francisco hizo estas declaraciones el lunes durante su viaje a Roma tras su [&hellip;]<\/p>\n","protected":false},"author":7,"featured_media":26184,"comment_status":"open","ping_status":"open","sticky":false,"template":"","format":"standard","meta":{"footnotes":""},"categories":[40],"tags":[],"class_list":["post-26183","post","type-post","status-publish","format-standard","has-post-thumbnail","hentry","category-internacionales"],"_links":{"self":[{"href":"https:\/\/2horizontes.com\/index.php?rest_route=\/wp\/v2\/posts\/26183","targetHints":{"allow":["GET"]}}],"collection":[{"href":"https:\/\/2horizontes.com\/index.php?rest_route=\/wp\/v2\/posts"}],"about":[{"href":"https:\/\/2horizontes.com\/index.php?rest_route=\/wp\/v2\/types\/post"}],"author":[{"embeddable":true,"href":"https:\/\/2horizontes.com\/index.php?rest_route=\/wp\/v2\/users\/7"}],"replies":[{"embeddable":true,"href":"https:\/\/2horizontes.com\/index.php?rest_route=%2Fwp%2Fv2%2Fcomments&post=26183"}],"version-history":[{"count":1,"href":"https:\/\/2horizontes.com\/index.php?rest_route=\/wp\/v2\/posts\/26183\/revisions"}],"predecessor-version":[{"id":26185,"href":"https:\/\/2horizontes.com\/index.php?rest_route=\/wp\/v2\/posts\/26183\/revisions\/26185"}],"wp:featuredmedia":[{"embeddable":true,"href":"https:\/\/2horizontes.com\/index.php?rest_route=\/wp\/v2\/media\/26184"}],"wp:attachment":[{"href":"https:\/\/2horizontes.com\/index.php?rest_route=%2Fwp%2Fv2%2Fmedia&parent=26183"}],"wp:term":[{"taxonomy":"category","embeddable":true,"href":"https:\/\/2horizontes.com\/index.php?rest_route=%2Fwp%2Fv2%2Fcategories&post=26183"},{"taxonomy":"post_tag","embeddable":true,"href":"https:\/\/2horizontes.com\/index.php?rest_route=%2Fwp%2Fv2%2Ftags&post=26183"}],"curies":[{"name":"wp","href":"https:\/\/api.w.org\/{rel}","templated":true}]}}