{"id":26174,"date":"2015-09-29T14:09:54","date_gmt":"2015-09-29T13:09:54","guid":{"rendered":"http:\/\/2horizontes.com\/?p=26174"},"modified":"2015-09-29T14:09:54","modified_gmt":"2015-09-29T13:09:54","slug":"venezuela-aceptara-a-los-colombianos-deportados-que-deseen-volver","status":"publish","type":"post","link":"https:\/\/2horizontes.com\/?p=26174","title":{"rendered":"Venezuela aceptar\u00e1 a los colombianos deportados que deseen volver"},"content":{"rendered":"<p class=\"story-body__introduction\">BBC<\/p>\n<p class=\"story-body__introduction\">Venezuela<\/p>\n<p class=\"story-body__introduction\">El gobierno de Venezuela est\u00e1 dispuesto a readmitir a los cerca de 1.500 colombianos deportados por la crisis generada el pasado mes de agosto a ra\u00edz del cierre de la frontera ordenado por el presidente Nicol\u00e1s Maduro.<\/p>\n<p>Maduro acept\u00f3 la propuesta de la <strong>Uni\u00f3n de Naciones Suramericanas (Unasur)<\/strong>de permitir el regreso de aquellos colombianos que fueron expulsados del pa\u00eds y deseen regularizar su situaci\u00f3n en Venezuela, inform\u00f3 el organismo en un breve comunicado.<\/p>\n<p>La propuesta fue acordada por el presidente venezolano durante un encuentro con el secretario general de Unasur, el expresidente colombiano Ernesto Samper, en el marco de la Asamblea General de Naciones Unidos, que se lleva a cabo en Nueva York.<\/p>\n<figure class=\"media-landscape has-caption body-narrow-width\"><span class=\"image-and-copyright-container\"><img loading=\"lazy\" decoding=\"async\" class=\"js-image-replace\" src=\"http:\/\/ichef-1.bbci.co.uk\/news\/ws\/304\/amz\/worldservice\/live\/assets\/images\/2015\/09\/29\/150929030115_sp_santos_maduro_venezuela_colombia_border_crisis_304x171_afp_nocredit.jpg\" alt=\"Juan Manuel Santos y Nicol\u00e1s Maduro.\" width=\"304\" height=\"171\" \/><span class=\"off-screen\">Image copyright<\/span><span class=\"story-image-copyright\">AFP<\/span><\/span><\/figure>\n<figure class=\"media-landscape has-caption body-narrow-width\"><figcaption class=\"media-caption\"><span class=\"off-screen\">Image caption<\/span><span class=\"media-caption__text\">Venezuela deport\u00f3 a 1.500 colombianos pero seg\u00fan la ONU m\u00e1s de 20.000 colombiano dejaron el pa\u00eds voluntariamente.<\/span><\/figcaption><\/figure>\n<p>La crisis entre ambos pa\u00edses comenz\u00f3 el pasado 19 de agosto cuando el presidente de Venezuela decret\u00f3 el<strong>cierre del principal paso fronterizo e<\/strong>ntre el estado de T\u00e1chira con el departamento colombiano de Santander.<\/p>\n<p>Maduro orden\u00f3 el cierre parcial de la frontera y decret\u00f3 el estado de excepci\u00f3n tras un incidente en el que resultaron heridos tres militares venezolanos y un civil en un enfrentamiento con supuestos contrabandistas.<\/p>\n<p>Esto llev\u00f3 a un aumento la presencia militar de Venezuela en la frontera con el pretexto de combatir el contrabando y el supuesto paramilitarismo, y la deportaci\u00f3n de 1.500 colombianos, lo que deriv\u00f3 en una crisis diplom\u00e1tica con el pa\u00eds vecino.<\/p>\n<p>La semana pasada Maduro se reuni\u00f3 con el presidente de Colombia, Juan Manuel Santos, y <strong>acordaron la vuelta de sus respectivos embajadores<\/strong> para acabar con un conflicto que ha afectado a la econom\u00eda de ambos pa\u00edses.<\/p>\n<h2 class=\"story-body__crosshead\">Respuesta colombiana<\/h2>\n<p>El alcalde de la ciudad colombiana de C\u00facuta, Donamaris Ram\u00edrez, -una de las m\u00e1s afectadas por la crisis &#8211; celebr\u00f3 el anuncio y consider\u00f3 que el regreso de los deportados colombianos \u00abdemuestra que <strong>Nicol\u00e1s Maduro quiere corregir la violaci\u00f3n al derecho internacional humanitario\u00bb<\/strong>.<\/p>\n<p>\u00ab(El) regreso deportados gran triunfo. Demuestra no son paramilitares, ni narcotraficanmtes, ni grandes contrabandistas\u00bb, escribi\u00f3 en las redes sociales.<\/p>\n","protected":false},"excerpt":{"rendered":"<p>BBC Venezuela El gobierno de Venezuela est\u00e1 dispuesto a readmitir a los cerca de 1.500 colombianos deportados por la crisis generada el pasado mes de agosto a ra\u00edz del cierre de la frontera ordenado por el presidente Nicol\u00e1s Maduro. Maduro acept\u00f3 la propuesta de la Uni\u00f3n de Naciones Suramericanas (Unasur)de permitir el regreso de aquellos [&hellip;]<\/p>\n","protected":false},"author":7,"featured_media":26176,"comment_status":"open","ping_status":"open","sticky":false,"template":"","format":"standard","meta":{"footnotes":""},"categories":[50,54,40,43,48],"tags":[],"class_list":["post-26174","post","type-post","status-publish","format-standard","has-post-thumbnail","hentry","category-colombia","category-emigrantes","category-internacionales","category-politica","category-venezuela"],"_links":{"self":[{"href":"https:\/\/2horizontes.com\/index.php?rest_route=\/wp\/v2\/posts\/26174","targetHints":{"allow":["GET"]}}],"collection":[{"href":"https:\/\/2horizontes.com\/index.php?rest_route=\/wp\/v2\/posts"}],"about":[{"href":"https:\/\/2horizontes.com\/index.php?rest_route=\/wp\/v2\/types\/post"}],"author":[{"embeddable":true,"href":"https:\/\/2horizontes.com\/index.php?rest_route=\/wp\/v2\/users\/7"}],"replies":[{"embeddable":true,"href":"https:\/\/2horizontes.com\/index.php?rest_route=%2Fwp%2Fv2%2Fcomments&post=26174"}],"version-history":[{"count":1,"href":"https:\/\/2horizontes.com\/index.php?rest_route=\/wp\/v2\/posts\/26174\/revisions"}],"predecessor-version":[{"id":26177,"href":"https:\/\/2horizontes.com\/index.php?rest_route=\/wp\/v2\/posts\/26174\/revisions\/26177"}],"wp:featuredmedia":[{"embeddable":true,"href":"https:\/\/2horizontes.com\/index.php?rest_route=\/wp\/v2\/media\/26176"}],"wp:attachment":[{"href":"https:\/\/2horizontes.com\/index.php?rest_route=%2Fwp%2Fv2%2Fmedia&parent=26174"}],"wp:term":[{"taxonomy":"category","embeddable":true,"href":"https:\/\/2horizontes.com\/index.php?rest_route=%2Fwp%2Fv2%2Fcategories&post=26174"},{"taxonomy":"post_tag","embeddable":true,"href":"https:\/\/2horizontes.com\/index.php?rest_route=%2Fwp%2Fv2%2Ftags&post=26174"}],"curies":[{"name":"wp","href":"https:\/\/api.w.org\/{rel}","templated":true}]}}