{"id":26168,"date":"2015-09-29T14:02:09","date_gmt":"2015-09-29T13:02:09","guid":{"rendered":"http:\/\/2horizontes.com\/?p=26168"},"modified":"2015-09-29T14:02:09","modified_gmt":"2015-09-29T13:02:09","slug":"muere-jorge-risquet-destacado-dirigente-comunista-cubano","status":"publish","type":"post","link":"https:\/\/2horizontes.com\/?p=26168","title":{"rendered":"Muere Jorge Risquet, destacado dirigente comunista cubano"},"content":{"rendered":"<div id=\"ArticleAuthorDiv\" class=\"article-body-author\"><b>EFE<\/b><\/div>\n<div id=\"ArticleSourceDiv\" class=\"article-body-author\"><b>La Habana, Cuba<\/b><\/div>\n<div id=\"ArticleBody\">\n<p>Jorge Risquet Vald\u00e9s-Salda\u00f1a, quien ocup\u00f3 altas responsabilidades en el gobernante Partido Comunista de Cuba (PCC, \u00fanico) y fue guerrillero en la Sierra Maestra junto a Fidel y Ra\u00fal Castro, falleci\u00f3 hoy en La Habana a los 85 a\u00f1os de edad, inform\u00f3 la televisi\u00f3n cubana.<\/p>\n<p>Risquet milit\u00f3 en la Juventud Socialista (JS) de la isla desde los 15 a\u00f1os y tras el triunfo de la Revoluci\u00f3n cubana en 1959 ocup\u00f3 diversos cargos en las Fuerzas Armadas Revolucionarias (FAR) y en el Gobierno como ministro del Trabajo entre 1967 y 1973.<\/p>\n<p>En su larga trayectoria como dirigente comunista, integr\u00f3 el Comit\u00e9 Central del PCC desde su creaci\u00f3n en 1965 hasta su muerte, y fue miembro del Secretariado a cargo de las Relaciones Exteriores y del Bur\u00f3 Pol\u00edtico de esa formaci\u00f3n.<\/p>\n<p>Tambi\u00e9n se destac\u00f3 por su participaci\u00f3n en misiones en \u00c1frica, donde fue enviado como jefe del Batall\u00f3n Internacional Patricio Lumumba en Brazzaville, Congo, entre 1965 y 1967, en apoyo de Ernesto \u00abChe\u00bb Guevara, quien por entonces estaba vinculado al movimiento guerrillero congol\u00e9s.<\/p>\n<p>Risquet fue encargado despu\u00e9s de coordinar la colaboraci\u00f3n militar con el Congreso Nacional Africano (ANC) para la preparaci\u00f3n de sus miembros en Cuba en especialidades de la lucha clandestina y la acci\u00f3n guerrillera, y responsable de la Misi\u00f3n Civil de Cuba durante la guerra de Angola.<\/p>\n<p>En las negociaciones cuatripartitas entre Cuba, Angola, Sud\u00e1frica y Estados Unidos, que condujeron a la firma de los Acuerdos de Paz en la ONU en 1988, presidi\u00f3 a la delegaci\u00f3n de la isla.<\/p>\n<p>Sus v\u00ednculos con \u00c1frica se mantuvieron hasta los \u00faltimos a\u00f1os cuando realiz\u00f3 visitas oficiales al Congo, Angola, Mozambique, Namibia, Sud\u00e1frica, Sud\u00e1n del Sur, Ghana y comparti\u00f3 en la isla la visita de numerosos dirigentes de ese continente.<\/p>\n<\/div>\n<div><\/div>\n<p>&nbsp;<\/p>\n","protected":false},"excerpt":{"rendered":"<p>EFE La Habana, Cuba Jorge Risquet Vald\u00e9s-Salda\u00f1a, quien ocup\u00f3 altas responsabilidades en el gobernante Partido Comunista de Cuba (PCC, \u00fanico) y fue guerrillero en la Sierra Maestra junto a Fidel y Ra\u00fal Castro, falleci\u00f3 hoy en La Habana a los 85 a\u00f1os de edad, inform\u00f3 la televisi\u00f3n cubana. Risquet milit\u00f3 en la Juventud Socialista (JS) [&hellip;]<\/p>\n","protected":false},"author":7,"featured_media":26171,"comment_status":"open","ping_status":"open","sticky":false,"template":"","format":"standard","meta":{"footnotes":""},"categories":[49,40,43],"tags":[],"class_list":["post-26168","post","type-post","status-publish","format-standard","has-post-thumbnail","hentry","category-cuba","category-internacionales","category-politica"],"_links":{"self":[{"href":"https:\/\/2horizontes.com\/index.php?rest_route=\/wp\/v2\/posts\/26168","targetHints":{"allow":["GET"]}}],"collection":[{"href":"https:\/\/2horizontes.com\/index.php?rest_route=\/wp\/v2\/posts"}],"about":[{"href":"https:\/\/2horizontes.com\/index.php?rest_route=\/wp\/v2\/types\/post"}],"author":[{"embeddable":true,"href":"https:\/\/2horizontes.com\/index.php?rest_route=\/wp\/v2\/users\/7"}],"replies":[{"embeddable":true,"href":"https:\/\/2horizontes.com\/index.php?rest_route=%2Fwp%2Fv2%2Fcomments&post=26168"}],"version-history":[{"count":1,"href":"https:\/\/2horizontes.com\/index.php?rest_route=\/wp\/v2\/posts\/26168\/revisions"}],"predecessor-version":[{"id":26173,"href":"https:\/\/2horizontes.com\/index.php?rest_route=\/wp\/v2\/posts\/26168\/revisions\/26173"}],"wp:featuredmedia":[{"embeddable":true,"href":"https:\/\/2horizontes.com\/index.php?rest_route=\/wp\/v2\/media\/26171"}],"wp:attachment":[{"href":"https:\/\/2horizontes.com\/index.php?rest_route=%2Fwp%2Fv2%2Fmedia&parent=26168"}],"wp:term":[{"taxonomy":"category","embeddable":true,"href":"https:\/\/2horizontes.com\/index.php?rest_route=%2Fwp%2Fv2%2Fcategories&post=26168"},{"taxonomy":"post_tag","embeddable":true,"href":"https:\/\/2horizontes.com\/index.php?rest_route=%2Fwp%2Fv2%2Ftags&post=26168"}],"curies":[{"name":"wp","href":"https:\/\/api.w.org\/{rel}","templated":true}]}}